{"id":9425,"date":"2026-04-27T01:26:06","date_gmt":"2026-04-26T23:26:06","guid":{"rendered":"https:\/\/www.inmocochescarhire.com\/?p=9425"},"modified":"2026-04-27T01:26:06","modified_gmt":"2026-04-26T23:26:06","slug":"en-ford-fiesta-att-hyra-i-fuengirola-perfekt-for-korta-resor","status":"publish","type":"post","link":"https:\/\/www.inmocochescarhire.com\/sv\/en-ford-fiesta-att-hyra-i-fuengirola-perfekt-for-korta-resor\/","title":{"rendered":"En Ford Fiesta att hyra i Fuengirola, perfekt f\u00f6r korta resor"},"content":{"rendered":"<p>Ford Fiesta \u00e4r en av de bilar som n\u00e4stan naturligt har blivit en del av stadsbilden i platser som Fuengirola. Inte f\u00f6r att den \u00e4r spektakul\u00e4r p\u00e5 n\u00e5got extremt s\u00e4tt, utan f\u00f6r att den passar en mycket konkret typ av mobilitet: kompakt storlek, l\u00e5g br\u00e4nslef\u00f6rbrukning och en enkel k\u00f6rning som inte kr\u00e4ver n\u00e5gon anpassning.<\/p>\n<p>I en milj\u00f6 som Costa del Sol, d\u00e4r stadstrafik blandas med korta resor mellan orter och omr\u00e5den med h\u00f6g turistt\u00e4thet, fyller den h\u00e4r typen av bil en mycket praktisk funktion. Den \u00e4r inte till f\u00f6r att imponera, utan f\u00f6r att l\u00f6sa vardagliga f\u00f6rflyttningar utan komplikationer.<\/p>\n<h3>En bil som \u00e4r skapad f\u00f6r att r\u00f6ra sig smidigt<\/h3>\n<p>Ford Fiesta utm\u00e4rker sig framf\u00f6r allt genom sin smidighet. P\u00e5 smala gator, hotellparkeringar eller i omr\u00e5den med mycket turister g\u00f6r dess storlek man\u00f6vreringen betydligt enklare. Den \u00e4r inte en stor bil, men den k\u00e4nns heller inte instabil p\u00e5 v\u00e4gen, vilket g\u00f6r den balanserad f\u00f6r b\u00e5de stadsk\u00f6rning och kortare utflykter.<\/p>\n<p>En annan viktig aspekt \u00e4r den mjuka k\u00f6rupplevelsen. Det \u00e4r ett fordon som inte kr\u00e4ver n\u00e5gon tillv\u00e4njning: vilken f\u00f6rare som helst, \u00e4ven med begr\u00e4nsad nylig k\u00f6rvana, kan k\u00e4nna sig bekv\u00e4m efter bara n\u00e5gra minuter. Detta \u00e4r s\u00e4rskilt viktigt vid biluthyrning, d\u00e4r bilen m\u00e5ste vara intuitiv fr\u00e5n f\u00f6rsta stund.<\/p>\n<h3>F\u00f6rbrukning och effektivitet i en turistmilj\u00f6<\/h3>\n<p>I Fuengirola och dess omgivningar \u00e4r resorna oftast korta men frekventa. M\u00e5nga turister upprepar samma typer av rutter: till stranden, mellan restauranger eller till n\u00e4rliggande platser som Mijas, Marbella eller till och med M\u00e1laga stad. I detta sammanhang blir Ford Fiestas br\u00e4nsleeffektivitet en tydlig f\u00f6rdel.<\/p>\n<p>Det \u00e4r inte en bil som \u00e4r byggd f\u00f6r l\u00e5nga snabba str\u00e4ckor, utan f\u00f6r effektiv vardagsanv\u00e4ndning. Detta g\u00f6r att den totala kostnaden f\u00f6r hyran blir mer rimlig n\u00e4r den anv\u00e4nds i stadstrafik och n\u00e4rliggande omr\u00e5den. Av denna anledning kan det vara ett mycket bra val att hyra en Ford Fiesta. Hos <strong>Inmocoches Car Hire<\/strong> erbjuder vi denna Ford-modell, men vi rekommenderar att du kontrollerar tillg\u00e4ngligheten f\u00f6r de datum du planerar att bes\u00f6ka Fuengirola. I v\u00e5rt bokningssystem kan du se tillg\u00e4nglighet i realtid samt aktuellt pris. Bes\u00f6k v\u00e5r <a href=\"https:\/\/booking.inmocochescarhire.com\/\">biluthyrning i Fuengirola<\/a>.<\/p>\n<h3>Konkreta f\u00f6rdelar med att hyra i Fuengirola<\/h3>\n<p>Att hyra en Ford Fiesta i detta omr\u00e5de \u00e4r logiskt av flera praktiska sk\u00e4l.<\/p>\n<ul>\n<li>Den f\u00f6rsta \u00e4r att det \u00e4r l\u00e4tt att parkera. Under h\u00f6gs\u00e4song kan det vara sv\u00e5rt att hitta en plats, och en kompakt bil minskar detta problem avsev\u00e4rt.<\/li>\n<li>Den andra \u00e4r flexibiliteten i anv\u00e4ndningen. Den g\u00f6r det m\u00f6jligt att k\u00f6ra i stadsk\u00e4rnan, men ocks\u00e5 att enkelt ta sig ut p\u00e5 landsv\u00e4gar eller motorv\u00e4gar i n\u00e4rheten. Det \u00e4r en bil som inte begr\u00e4nsar dig till ett enda anv\u00e4ndningsomr\u00e5de.<\/li>\n<li>Den tredje \u00e4r balansen mellan kostnad och funktionalitet. P\u00e5 hyrbilsmarknaden ligger den ofta i en prisv\u00e4rd kategori, vilket g\u00f6r den till ett vanligt val f\u00f6r vistelser p\u00e5 flera dagar eller veckor.<\/li>\n<\/ul>\n<h3>Ett diskret men effektivt fordon<\/h3>\n<p>Ford Fiesta \u00e4r inte en bil som drar till sig uppm\u00e4rksamhet, och just det \u00e4r en del av dess styrka. I turistomr\u00e5den som Costa del Sol, d\u00e4r m\u00e5nga hyrbilsbeslut baseras p\u00e5 praktiska behov, blir denna diskretion en f\u00f6rdel.<\/p>\n<p>Den kr\u00e4ver ingen komplicerad planering i anv\u00e4ndningen. Den passar lika bra f\u00f6r den som vill ta sig runt i staden som f\u00f6r den som planerar kortare utflykter i regionen.<\/p>\n<p>Ford Fiesta fungerar bra i Fuengirola eftersom den passar den typ av mobilitet som finns d\u00e4r: kontinuerlig, varierad och \u00f6ver m\u00e5ttliga avst\u00e5nd. Det \u00e4r en bil som prioriterar funktion framf\u00f6r det spektakul\u00e4ra, och i hyrbilsammanhang \u00e4r det ofta precis vad som beh\u00f6vs.<\/p>\n","protected":false},"excerpt":{"rendered":"<p>Ford Fiesta \u00e4r en av de bilar som n\u00e4stan naturligt har blivit en del av stadsbilden i platser som Fuengirola. Inte f\u00f6r att den \u00e4r spektakul\u00e4r p\u00e5 n\u00e5got extremt s\u00e4tt, utan f\u00f6r att den passar en mycket konkret typ av mobilitet: kompakt storlek, l\u00e5g br\u00e4nslef\u00f6rbrukning och en enkel k\u00f6rning som inte kr\u00e4ver n\u00e5gon anpassning. I&#8230;<\/p>\n","protected":false},"author":3,"featured_media":9416,"comment_status":"closed","ping_status":"closed","sticky":false,"template":"","format":"standard","meta":{"_crdt_document":"","_joinchat":[],"footnotes":""},"categories":[46],"tags":[],"class_list":["post-9425","post","type-post","status-publish","format-standard","has-post-thumbnail","hentry","category-okategoriserad"],"yoast_head":"<!-- This site is optimized with the Yoast SEO plugin v27.5 - https:\/\/yoast.com\/product\/yoast-seo-wordpress\/ -->\n<title>En Ford Fiesta att hyra i Fuengirola, perfekt f\u00f6r korta resor - Inmocoches<\/title>\n<meta name=\"robots\" content=\"index, follow, max-snippet:-1, max-image-preview:large, max-video-preview:-1\" \/>\n<link rel=\"canonical\" href=\"https:\/\/www.inmocochescarhire.com\/sv\/en-ford-fiesta-att-hyra-i-fuengirola-perfekt-for-korta-resor\/\" \/>\n<meta property=\"og:locale\" content=\"sv_SE\" \/>\n<meta property=\"og:type\" content=\"article\" \/>\n<meta property=\"og:title\" content=\"En Ford Fiesta att hyra i Fuengirola, perfekt f\u00f6r korta resor - Inmocoches\" \/>\n<meta property=\"og:description\" content=\"Ford Fiesta \u00e4r en av de bilar som n\u00e4stan naturligt har blivit en del av stadsbilden i platser som Fuengirola. Inte f\u00f6r att den \u00e4r spektakul\u00e4r p\u00e5 n\u00e5got extremt s\u00e4tt, utan f\u00f6r att den passar en mycket konkret typ av mobilitet: kompakt storlek, l\u00e5g br\u00e4nslef\u00f6rbrukning och en enkel k\u00f6rning som inte kr\u00e4ver n\u00e5gon anpassning. I...\" \/>\n<meta property=\"og:url\" content=\"https:\/\/www.inmocochescarhire.com\/sv\/en-ford-fiesta-att-hyra-i-fuengirola-perfekt-for-korta-resor\/\" \/>\n<meta property=\"og:site_name\" content=\"Inmocoches\" \/>\n<meta property=\"article:published_time\" content=\"2026-04-26T23:26:06+00:00\" \/>\n<meta property=\"og:image\" content=\"https:\/\/www.inmocochescarhire.com\/wp-content\/uploads\/2026\/04\/fordfiesta-fuengirola.jpg\" \/>\n\t<meta property=\"og:image:width\" content=\"1200\" \/>\n\t<meta property=\"og:image:height\" content=\"843\" \/>\n\t<meta property=\"og:image:type\" content=\"image\/jpeg\" \/>\n<meta name=\"author\" content=\"Inmocoches\" \/>\n<meta name=\"twitter:card\" content=\"summary_large_image\" \/>\n<meta name=\"twitter:label1\" content=\"Skriven av\" \/>\n\t<meta name=\"twitter:data1\" content=\"Inmocoches\" \/>\n\t<meta name=\"twitter:label2\" content=\"Ber\u00e4knad l\u00e4stid\" \/>\n\t<meta name=\"twitter:data2\" content=\"3 minuter\" \/>\n<script type=\"application\/ld+json\" class=\"yoast-schema-graph\">{\"@context\":\"https:\\\/\\\/schema.org\",\"@graph\":[{\"@type\":\"Article\",\"@id\":\"https:\\\/\\\/www.inmocochescarhire.com\\\/sv\\\/en-ford-fiesta-att-hyra-i-fuengirola-perfekt-for-korta-resor\\\/#article\",\"isPartOf\":{\"@id\":\"https:\\\/\\\/www.inmocochescarhire.com\\\/sv\\\/en-ford-fiesta-att-hyra-i-fuengirola-perfekt-for-korta-resor\\\/\"},\"author\":{\"name\":\"Inmocoches\",\"@id\":\"https:\\\/\\\/www.inmocochescarhire.com\\\/sv\\\/#\\\/schema\\\/person\\\/7dc387a6b27b651d87b4e7e21665f304\"},\"headline\":\"En Ford Fiesta att hyra i Fuengirola, perfekt f\u00f6r korta resor\",\"datePublished\":\"2026-04-26T23:26:06+00:00\",\"mainEntityOfPage\":{\"@id\":\"https:\\\/\\\/www.inmocochescarhire.com\\\/sv\\\/en-ford-fiesta-att-hyra-i-fuengirola-perfekt-for-korta-resor\\\/\"},\"wordCount\":702,\"image\":{\"@id\":\"https:\\\/\\\/www.inmocochescarhire.com\\\/sv\\\/en-ford-fiesta-att-hyra-i-fuengirola-perfekt-for-korta-resor\\\/#primaryimage\"},\"thumbnailUrl\":\"https:\\\/\\\/www.inmocochescarhire.com\\\/wp-content\\\/uploads\\\/2026\\\/04\\\/fordfiesta-fuengirola.jpg\",\"articleSection\":[\"Okategoriserad\"],\"inLanguage\":\"sv-SE\"},{\"@type\":\"WebPage\",\"@id\":\"https:\\\/\\\/www.inmocochescarhire.com\\\/sv\\\/en-ford-fiesta-att-hyra-i-fuengirola-perfekt-for-korta-resor\\\/\",\"url\":\"https:\\\/\\\/www.inmocochescarhire.com\\\/sv\\\/en-ford-fiesta-att-hyra-i-fuengirola-perfekt-for-korta-resor\\\/\",\"name\":\"En Ford Fiesta att hyra i Fuengirola, perfekt f\u00f6r korta resor - Inmocoches\",\"isPartOf\":{\"@id\":\"https:\\\/\\\/www.inmocochescarhire.com\\\/sv\\\/#website\"},\"primaryImageOfPage\":{\"@id\":\"https:\\\/\\\/www.inmocochescarhire.com\\\/sv\\\/en-ford-fiesta-att-hyra-i-fuengirola-perfekt-for-korta-resor\\\/#primaryimage\"},\"image\":{\"@id\":\"https:\\\/\\\/www.inmocochescarhire.com\\\/sv\\\/en-ford-fiesta-att-hyra-i-fuengirola-perfekt-for-korta-resor\\\/#primaryimage\"},\"thumbnailUrl\":\"https:\\\/\\\/www.inmocochescarhire.com\\\/wp-content\\\/uploads\\\/2026\\\/04\\\/fordfiesta-fuengirola.jpg\",\"datePublished\":\"2026-04-26T23:26:06+00:00\",\"author\":{\"@id\":\"https:\\\/\\\/www.inmocochescarhire.com\\\/sv\\\/#\\\/schema\\\/person\\\/7dc387a6b27b651d87b4e7e21665f304\"},\"breadcrumb\":{\"@id\":\"https:\\\/\\\/www.inmocochescarhire.com\\\/sv\\\/en-ford-fiesta-att-hyra-i-fuengirola-perfekt-for-korta-resor\\\/#breadcrumb\"},\"inLanguage\":\"sv-SE\",\"potentialAction\":[{\"@type\":\"ReadAction\",\"target\":[\"https:\\\/\\\/www.inmocochescarhire.com\\\/sv\\\/en-ford-fiesta-att-hyra-i-fuengirola-perfekt-for-korta-resor\\\/\"]}]},{\"@type\":\"ImageObject\",\"inLanguage\":\"sv-SE\",\"@id\":\"https:\\\/\\\/www.inmocochescarhire.com\\\/sv\\\/en-ford-fiesta-att-hyra-i-fuengirola-perfekt-for-korta-resor\\\/#primaryimage\",\"url\":\"https:\\\/\\\/www.inmocochescarhire.com\\\/wp-content\\\/uploads\\\/2026\\\/04\\\/fordfiesta-fuengirola.jpg\",\"contentUrl\":\"https:\\\/\\\/www.inmocochescarhire.com\\\/wp-content\\\/uploads\\\/2026\\\/04\\\/fordfiesta-fuengirola.jpg\",\"width\":1200,\"height\":843},{\"@type\":\"BreadcrumbList\",\"@id\":\"https:\\\/\\\/www.inmocochescarhire.com\\\/sv\\\/en-ford-fiesta-att-hyra-i-fuengirola-perfekt-for-korta-resor\\\/#breadcrumb\",\"itemListElement\":[{\"@type\":\"ListItem\",\"position\":1,\"name\":\"Portada\",\"item\":\"https:\\\/\\\/www.inmocochescarhire.com\\\/sv\\\/\"},{\"@type\":\"ListItem\",\"position\":2,\"name\":\"En Ford Fiesta att hyra i Fuengirola, perfekt f\u00f6r korta resor\"}]},{\"@type\":\"WebSite\",\"@id\":\"https:\\\/\\\/www.inmocochescarhire.com\\\/sv\\\/#website\",\"url\":\"https:\\\/\\\/www.inmocochescarhire.com\\\/sv\\\/\",\"name\":\"Inmocoches\",\"description\":\"\",\"potentialAction\":[{\"@type\":\"SearchAction\",\"target\":{\"@type\":\"EntryPoint\",\"urlTemplate\":\"https:\\\/\\\/www.inmocochescarhire.com\\\/sv\\\/?s={search_term_string}\"},\"query-input\":{\"@type\":\"PropertyValueSpecification\",\"valueRequired\":true,\"valueName\":\"search_term_string\"}}],\"inLanguage\":\"sv-SE\"},{\"@type\":\"Person\",\"@id\":\"https:\\\/\\\/www.inmocochescarhire.com\\\/sv\\\/#\\\/schema\\\/person\\\/7dc387a6b27b651d87b4e7e21665f304\",\"name\":\"Inmocoches\",\"image\":{\"@type\":\"ImageObject\",\"inLanguage\":\"sv-SE\",\"@id\":\"https:\\\/\\\/secure.gravatar.com\\\/avatar\\\/46ed233da40dec2852f101ec89994d9fd8824ee2505dbaffb9f2918b3327ace1?s=96&d=mm&r=g\",\"url\":\"https:\\\/\\\/secure.gravatar.com\\\/avatar\\\/46ed233da40dec2852f101ec89994d9fd8824ee2505dbaffb9f2918b3327ace1?s=96&d=mm&r=g\",\"contentUrl\":\"https:\\\/\\\/secure.gravatar.com\\\/avatar\\\/46ed233da40dec2852f101ec89994d9fd8824ee2505dbaffb9f2918b3327ace1?s=96&d=mm&r=g\",\"caption\":\"Inmocoches\"},\"url\":\"https:\\\/\\\/www.inmocochescarhire.com\\\/sv\\\/author\\\/serafin\\\/\"}]}<\/script>\n<!-- \/ Yoast SEO plugin. -->","yoast_head_json":{"title":"En Ford Fiesta att hyra i Fuengirola, perfekt f\u00f6r korta resor - Inmocoches","robots":{"index":"index","follow":"follow","max-snippet":"max-snippet:-1","max-image-preview":"max-image-preview:large","max-video-preview":"max-video-preview:-1"},"canonical":"https:\/\/www.inmocochescarhire.com\/sv\/en-ford-fiesta-att-hyra-i-fuengirola-perfekt-for-korta-resor\/","og_locale":"sv_SE","og_type":"article","og_title":"En Ford Fiesta att hyra i Fuengirola, perfekt f\u00f6r korta resor - Inmocoches","og_description":"Ford Fiesta \u00e4r en av de bilar som n\u00e4stan naturligt har blivit en del av stadsbilden i platser som Fuengirola. Inte f\u00f6r att den \u00e4r spektakul\u00e4r p\u00e5 n\u00e5got extremt s\u00e4tt, utan f\u00f6r att den passar en mycket konkret typ av mobilitet: kompakt storlek, l\u00e5g br\u00e4nslef\u00f6rbrukning och en enkel k\u00f6rning som inte kr\u00e4ver n\u00e5gon anpassning. I...","og_url":"https:\/\/www.inmocochescarhire.com\/sv\/en-ford-fiesta-att-hyra-i-fuengirola-perfekt-for-korta-resor\/","og_site_name":"Inmocoches","article_published_time":"2026-04-26T23:26:06+00:00","og_image":[{"width":1200,"height":843,"url":"https:\/\/www.inmocochescarhire.com\/wp-content\/uploads\/2026\/04\/fordfiesta-fuengirola.jpg","type":"image\/jpeg"}],"author":"Inmocoches","twitter_card":"summary_large_image","twitter_misc":{"Skriven av":"Inmocoches","Ber\u00e4knad l\u00e4stid":"3 minuter"},"schema":{"@context":"https:\/\/schema.org","@graph":[{"@type":"Article","@id":"https:\/\/www.inmocochescarhire.com\/sv\/en-ford-fiesta-att-hyra-i-fuengirola-perfekt-for-korta-resor\/#article","isPartOf":{"@id":"https:\/\/www.inmocochescarhire.com\/sv\/en-ford-fiesta-att-hyra-i-fuengirola-perfekt-for-korta-resor\/"},"author":{"name":"Inmocoches","@id":"https:\/\/www.inmocochescarhire.com\/sv\/#\/schema\/person\/7dc387a6b27b651d87b4e7e21665f304"},"headline":"En Ford Fiesta att hyra i Fuengirola, perfekt f\u00f6r korta resor","datePublished":"2026-04-26T23:26:06+00:00","mainEntityOfPage":{"@id":"https:\/\/www.inmocochescarhire.com\/sv\/en-ford-fiesta-att-hyra-i-fuengirola-perfekt-for-korta-resor\/"},"wordCount":702,"image":{"@id":"https:\/\/www.inmocochescarhire.com\/sv\/en-ford-fiesta-att-hyra-i-fuengirola-perfekt-for-korta-resor\/#primaryimage"},"thumbnailUrl":"https:\/\/www.inmocochescarhire.com\/wp-content\/uploads\/2026\/04\/fordfiesta-fuengirola.jpg","articleSection":["Okategoriserad"],"inLanguage":"sv-SE"},{"@type":"WebPage","@id":"https:\/\/www.inmocochescarhire.com\/sv\/en-ford-fiesta-att-hyra-i-fuengirola-perfekt-for-korta-resor\/","url":"https:\/\/www.inmocochescarhire.com\/sv\/en-ford-fiesta-att-hyra-i-fuengirola-perfekt-for-korta-resor\/","name":"En Ford Fiesta att hyra i Fuengirola, perfekt f\u00f6r korta resor - Inmocoches","isPartOf":{"@id":"https:\/\/www.inmocochescarhire.com\/sv\/#website"},"primaryImageOfPage":{"@id":"https:\/\/www.inmocochescarhire.com\/sv\/en-ford-fiesta-att-hyra-i-fuengirola-perfekt-for-korta-resor\/#primaryimage"},"image":{"@id":"https:\/\/www.inmocochescarhire.com\/sv\/en-ford-fiesta-att-hyra-i-fuengirola-perfekt-for-korta-resor\/#primaryimage"},"thumbnailUrl":"https:\/\/www.inmocochescarhire.com\/wp-content\/uploads\/2026\/04\/fordfiesta-fuengirola.jpg","datePublished":"2026-04-26T23:26:06+00:00","author":{"@id":"https:\/\/www.inmocochescarhire.com\/sv\/#\/schema\/person\/7dc387a6b27b651d87b4e7e21665f304"},"breadcrumb":{"@id":"https:\/\/www.inmocochescarhire.com\/sv\/en-ford-fiesta-att-hyra-i-fuengirola-perfekt-for-korta-resor\/#breadcrumb"},"inLanguage":"sv-SE","potentialAction":[{"@type":"ReadAction","target":["https:\/\/www.inmocochescarhire.com\/sv\/en-ford-fiesta-att-hyra-i-fuengirola-perfekt-for-korta-resor\/"]}]},{"@type":"ImageObject","inLanguage":"sv-SE","@id":"https:\/\/www.inmocochescarhire.com\/sv\/en-ford-fiesta-att-hyra-i-fuengirola-perfekt-for-korta-resor\/#primaryimage","url":"https:\/\/www.inmocochescarhire.com\/wp-content\/uploads\/2026\/04\/fordfiesta-fuengirola.jpg","contentUrl":"https:\/\/www.inmocochescarhire.com\/wp-content\/uploads\/2026\/04\/fordfiesta-fuengirola.jpg","width":1200,"height":843},{"@type":"BreadcrumbList","@id":"https:\/\/www.inmocochescarhire.com\/sv\/en-ford-fiesta-att-hyra-i-fuengirola-perfekt-for-korta-resor\/#breadcrumb","itemListElement":[{"@type":"ListItem","position":1,"name":"Portada","item":"https:\/\/www.inmocochescarhire.com\/sv\/"},{"@type":"ListItem","position":2,"name":"En Ford Fiesta att hyra i Fuengirola, perfekt f\u00f6r korta resor"}]},{"@type":"WebSite","@id":"https:\/\/www.inmocochescarhire.com\/sv\/#website","url":"https:\/\/www.inmocochescarhire.com\/sv\/","name":"Inmocoches","description":"","potentialAction":[{"@type":"SearchAction","target":{"@type":"EntryPoint","urlTemplate":"https:\/\/www.inmocochescarhire.com\/sv\/?s={search_term_string}"},"query-input":{"@type":"PropertyValueSpecification","valueRequired":true,"valueName":"search_term_string"}}],"inLanguage":"sv-SE"},{"@type":"Person","@id":"https:\/\/www.inmocochescarhire.com\/sv\/#\/schema\/person\/7dc387a6b27b651d87b4e7e21665f304","name":"Inmocoches","image":{"@type":"ImageObject","inLanguage":"sv-SE","@id":"https:\/\/secure.gravatar.com\/avatar\/46ed233da40dec2852f101ec89994d9fd8824ee2505dbaffb9f2918b3327ace1?s=96&d=mm&r=g","url":"https:\/\/secure.gravatar.com\/avatar\/46ed233da40dec2852f101ec89994d9fd8824ee2505dbaffb9f2918b3327ace1?s=96&d=mm&r=g","contentUrl":"https:\/\/secure.gravatar.com\/avatar\/46ed233da40dec2852f101ec89994d9fd8824ee2505dbaffb9f2918b3327ace1?s=96&d=mm&r=g","caption":"Inmocoches"},"url":"https:\/\/www.inmocochescarhire.com\/sv\/author\/serafin\/"}]}},"_links":{"self":[{"href":"https:\/\/www.inmocochescarhire.com\/sv\/wp-json\/wp\/v2\/posts\/9425","targetHints":{"allow":["GET"]}}],"collection":[{"href":"https:\/\/www.inmocochescarhire.com\/sv\/wp-json\/wp\/v2\/posts"}],"about":[{"href":"https:\/\/www.inmocochescarhire.com\/sv\/wp-json\/wp\/v2\/types\/post"}],"author":[{"embeddable":true,"href":"https:\/\/www.inmocochescarhire.com\/sv\/wp-json\/wp\/v2\/users\/3"}],"replies":[{"embeddable":true,"href":"https:\/\/www.inmocochescarhire.com\/sv\/wp-json\/wp\/v2\/comments?post=9425"}],"version-history":[{"count":1,"href":"https:\/\/www.inmocochescarhire.com\/sv\/wp-json\/wp\/v2\/posts\/9425\/revisions"}],"predecessor-version":[{"id":9426,"href":"https:\/\/www.inmocochescarhire.com\/sv\/wp-json\/wp\/v2\/posts\/9425\/revisions\/9426"}],"wp:featuredmedia":[{"embeddable":true,"href":"https:\/\/www.inmocochescarhire.com\/sv\/wp-json\/wp\/v2\/media\/9416"}],"wp:attachment":[{"href":"https:\/\/www.inmocochescarhire.com\/sv\/wp-json\/wp\/v2\/media?parent=9425"}],"wp:term":[{"taxonomy":"category","embeddable":true,"href":"https:\/\/www.inmocochescarhire.com\/sv\/wp-json\/wp\/v2\/categories?post=9425"},{"taxonomy":"post_tag","embeddable":true,"href":"https:\/\/www.inmocochescarhire.com\/sv\/wp-json\/wp\/v2\/tags?post=9425"}],"curies":[{"name":"wp","href":"https:\/\/api.w.org\/{rel}","templated":true}]}}