{"id":9161,"date":"2026-03-14T02:08:30","date_gmt":"2026-03-14T00:08:30","guid":{"rendered":"https:\/\/www.inmocochescarhire.com\/?p=9161"},"modified":"2026-03-14T13:16:55","modified_gmt":"2026-03-14T11:16:55","slug":"biluthyrning-i-fuengirola-under-pasken-2026","status":"publish","type":"post","link":"https:\/\/www.inmocochescarhire.com\/sv\/biluthyrning-i-fuengirola-under-pasken-2026\/","title":{"rendered":"Biluthyrning i Fuengirola under p\u00e5sken 2026"},"content":{"rendered":"<p>P\u00e5skveckan \u00e4r en av de viktigaste h\u00f6gtiderna i kalendern i Andalusien. Under dessa dagar <strong>fylls st\u00e4der och byar i hela regionen av processioner, marschorkestrar, religi\u00f6sa b\u00e4rstolar som b\u00e4rs av costaleros och tusentals m\u00e4nniskor som g\u00e5r ut p\u00e5 gatorna<\/strong> f\u00f6r att uppleva en tradition som \u00e4r djupt rotad i den lokala kulturen.<\/p>\n<p>F\u00f6r m\u00e5nga bes\u00f6kare \u00e4r det en unik upplevelse att se p\u00e5skveckan i Andalusien. Det \u00e4r inte bara en religi\u00f6s h\u00e4ndelse utan ocks\u00e5 ett kulturellt och socialt fenomen som f\u00f6renar historia, konst, h\u00e4ngivenhet och gemenskapsliv. I m\u00e5nga st\u00e4der har varje stadsdel sitt eget br\u00f6draskap och varje procession upplevs med stor k\u00e4nsla.<\/p>\n<p>Provinsen M\u00e1laga \u00e4r inget undantag. St\u00e4der och orter som M\u00e1laga, Benalm\u00e1dena, Torremolinos eller Fuengirola firar p\u00e5skveckan med processioner som lockar b\u00e5de inv\u00e5nare och turister fr\u00e5n m\u00e5nga olika l\u00e4nder. I Fuengirola organiserar br\u00f6draskapen flera processioner under veckan, med m\u00e5nga b\u00e4rstolar och br\u00f6draskap som g\u00e5r genom stadens huvudgator.<\/p>\n<h2>P\u00e5skveckan i Fuengirola vid havet<\/h2>\n<p><strong>Fuengirolas p\u00e5skvecka<\/strong> har en s\u00e4rskild karakt\u00e4r eftersom den kombinerar religi\u00f6s tradition med den livliga turistatmosf\u00e4ren p\u00e5 Costa del Sol. Till skillnad fr\u00e5n andra st\u00e4der i inlandet passerar m\u00e5nga processioner h\u00e4r n\u00e4ra strandpromenaden eller genom centrala omr\u00e5den fulla av liv.<\/p>\n<p>Under dessa dagar kan inv\u00e5nare och bes\u00f6kare se de olika br\u00f6draskap som deltar i p\u00e5skveckan n\u00e4r de l\u00e4mnar sina kyrkor med b\u00e4rstolar som \u00e5tf\u00f6ljs av <strong>nazarenos, processionsmusik och spontana saetas som sjungs fr\u00e5n balkonger<\/strong>.<\/p>\n<p>Samtidigt erbjuder staden en mycket trevlig atmosf\u00e4r f\u00f6r promenader, f\u00f6r att njuta av lokal gastronomi eller helt enkelt koppla av p\u00e5 terrasserna. P\u00e5skveckan sammanfaller ocks\u00e5 med de f\u00f6rsta dagarna d\u00e5 m\u00e5nga turister b\u00f6rjar njuta av stranden och det milda v\u00e5rklimatet.<\/p>\n<p>Denna kontrast mellan tradition och fritid g\u00f6r Fuengirola till ett mycket attraktivt resm\u00e5l under denna tid p\u00e5 \u00e5ret.<\/p>\n<h2>V\u00e5rklimatet, vanligtvis bra v\u00e4der med m\u00f6jlighet till regn<\/h2>\n<p>P\u00e5skveckan \u00e4ger vanligtvis rum mellan slutet av mars och april, en tid d\u00e5 klimatet p\u00e5 Costa del Sol generellt \u00e4r milt och behagligt. Dagstemperaturerna ligger vanligtvis mellan 18 och 24 grader Celsius, vilket g\u00f6r det m\u00f6jligt att njuta av utomhusaktiviteter och promenader runt staden.<\/p>\n<p>Det \u00e4r dock ocks\u00e5 vanligt att n\u00e5gra regniga dagar dyker upp under denna period. Faktum \u00e4r att m\u00f6jligheten till regn n\u00e4stan \u00e4r en del av traditionen under p\u00e5skveckan i Andalusien, eftersom m\u00e5nga processioner \u00e4r beroende av v\u00e4dret f\u00f6r att kunna \u00e4ga rum.<\/p>\n<p>Av denna anledning f\u00f6redrar m\u00e5nga bes\u00f6kare att planera sin resa med viss flexibilitet s\u00e5 att de kan utnyttja de soligare dagarna eller resa till n\u00e4rliggande platser om v\u00e4dret f\u00f6r\u00e4ndras.<\/p>\n<h2>Transportens betydelse under dessa dagar<\/h2>\n<p>Under p\u00e5skveckan tar Costa del Sol emot ett stort antal bes\u00f6kare. M\u00e5nga m\u00e4nniskor bor i Fuengirola men vill ocks\u00e5 uppt\u00e4cka andra n\u00e4rliggande orter.<\/p>\n<p>Fr\u00e5n denna stad \u00e4r det mycket l\u00e4tt att resa till andra intressanta platser som:<\/p>\n<ul>\n<li><strong>M\u00e1laga stad<\/strong>, d\u00e4r n\u00e5gra av de mest ber\u00f6mda processionerna i Spanien \u00e4ger rum.<\/li>\n<li><strong>Benalm\u00e1dena<\/strong> och dess gamla stad.<\/li>\n<li><strong>Mijas Pueblo<\/strong>, en av de vackraste vita byarna i provinsen.<\/li>\n<li><strong>Marbella och Puerto Ban\u00fas<\/strong>.<\/li>\n<li><strong>Torremolinos<\/strong> och dess str\u00e4nder.<\/li>\n<\/ul>\n<p>\u00c4ven om kollektivtrafiken f\u00f6rbinder n\u00e5gra av dessa platser kan den under semesterperioder vara mer begr\u00e4nsad eller mycket tr\u00e5ng.<\/p>\n<p>Av denna anledning blir en hyrbil ett av de mest bekv\u00e4ma s\u00e4tten att r\u00f6ra sig fritt i hela omr\u00e5det.<\/p>\n<p><img loading=\"lazy\" decoding=\"async\" class=\"alignnone size-full wp-image-1230\" src=\"https:\/\/www.inmocochescarhire.com\/wp-content\/uploads\/2023\/02\/oficina1.jpg\" alt=\"\" width=\"1080\" height=\"665\" srcset=\"https:\/\/www.inmocochescarhire.com\/wp-content\/uploads\/2023\/02\/oficina1.jpg 1080w, https:\/\/www.inmocochescarhire.com\/wp-content\/uploads\/2023\/02\/oficina1-300x185.jpg 300w, https:\/\/www.inmocochescarhire.com\/wp-content\/uploads\/2023\/02\/oficina1-1024x631.jpg 1024w\" sizes=\"auto, (max-width: 1080px) 100vw, 1080px\" \/><\/p>\n<h2>F\u00f6rdelarna med att hyra bil i Fuengirola<\/h2>\n<p>Att ha en hyrbil under p\u00e5skveckan erbjuder m\u00e5nga f\u00f6rdelar f\u00f6r bes\u00f6kare p\u00e5 Costa del Sol.<\/p>\n<p>F\u00f6r det f\u00f6rsta g\u00f6r det det m\u00f6jligt att organisera resan med full frihet utan att vara beroende av t\u00e5g- eller busstidtabeller. Detta \u00e4r s\u00e4rskilt anv\u00e4ndbart om du vill se processioner som \u00e4ger rum p\u00e5 kv\u00e4llen eller om du vill bes\u00f6ka flera st\u00e4der samma dag.<\/p>\n<p>Dessutom g\u00f6r ett fordon det l\u00e4ttare att n\u00e5 platser som inte alltid \u00e4r v\u00e4l f\u00f6rbundna med kollektivtrafik, s\u00e5som utsiktsplatser, lugna str\u00e4nder eller byar i inlandet.<\/p>\n<p>Det \u00e4r ocks\u00e5 ett mycket praktiskt alternativ f\u00f6r familjer eller grupper av v\u00e4nner, eftersom alla kan resa tillsammans och bekv\u00e4mt transportera bagage, shopping eller strandutrustning.<\/p>\n<p>P\u00e5 Inmocoches Car Hire erbjuder vi fordon anpassade till olika typer av resen\u00e4rer, fr\u00e5n kompakta bilar f\u00f6r att ta sig runt i staden till st\u00f6rre modeller f\u00f6r utflykter runt provinsen. Du kan nu se v\u00e5r <a href=\"https:\/\/www.inmocochescarhire.com\/sv\/flotta\/\">hyrbilsflotta i Fuengirola<\/a>. Om du har n\u00e5gra fr\u00e5gor kan du ringa oss eller bes\u00f6ka n\u00e5got av v\u00e5ra tv\u00e5 <a href=\"https:\/\/www.inmocochescarhire.com\/sv\/#platser\">biluthyrningskontor i Fuengirola<\/a>.<\/p>\n<h2>Tips f\u00f6r att njuta av processionerna<\/h2>\n<p>Om du bes\u00f6ker Fuengirola under p\u00e5skveckan finns det n\u00e5gra tips som kan hj\u00e4lpa dig att njuta \u00e4nnu mer av processionerna.<\/p>\n<p>Ett av de viktigaste \u00e4r <strong>att komma i god tid<\/strong>. P\u00e5 de mest centrala gatorna samlas vanligtvis stora folkmassor, s\u00e4rskilt under processionerna p\u00e5 sk\u00e4rtorsdagen och l\u00e5ngfredagen.<\/p>\n<p>Det \u00e4r ocks\u00e5 rekommenderat <strong>att kontrollera br\u00f6draskapens rutter i f\u00f6rv\u00e4g<\/strong> f\u00f6r att kunna v\u00e4lja den b\u00e4sta platsen att se b\u00e4rstolarna passera. Ibland g\u00f6r det att man kan njuta mer bekv\u00e4mt av processionen om man g\u00e5r lite bort fr\u00e5n den allra mest centrala delen.<\/p>\n<p>Ett annat anv\u00e4ndbart tips \u00e4r att kombinera processionerna med stunder av <strong>vila p\u00e5 n\u00e4rliggande terrasser eller restauranger<\/strong>. Den lokala gastronomin, med r\u00e4tter som friterad fisk eller sardiner grillade \u00f6ver kol, \u00e4r ocks\u00e5 en del av upplevelsen p\u00e5 Costa del Sol.<\/p>\n<p><img loading=\"lazy\" decoding=\"async\" class=\"alignnone size-full wp-image-9142\" src=\"https:\/\/www.inmocochescarhire.com\/wp-content\/uploads\/2026\/03\/semanasanta.jpg\" alt=\"\" width=\"1280\" height=\"851\" srcset=\"https:\/\/www.inmocochescarhire.com\/wp-content\/uploads\/2026\/03\/semanasanta.jpg 1280w, https:\/\/www.inmocochescarhire.com\/wp-content\/uploads\/2026\/03\/semanasanta-300x199.jpg 300w, https:\/\/www.inmocochescarhire.com\/wp-content\/uploads\/2026\/03\/semanasanta-1024x681.jpg 1024w\" sizes=\"auto, (max-width: 1280px) 100vw, 1280px\" \/><\/p>\n<h2>Vad man kan se och g\u00f6ra i n\u00e4rheten under p\u00e5skveckan 2026<\/h2>\n<p>F\u00f6rutom processionerna kan bes\u00f6kare som bor i Fuengirola under dessa datum anv\u00e4nda en hyrbil f\u00f6r att uppt\u00e4cka andra mycket intressanta platser.<\/p>\n<p>Ett av de mest rekommenderade resm\u00e5len \u00e4r <strong>Mijas Pueblo<\/strong>, som ligger bara n\u00e5gra kilometer bort och \u00e4r k\u00e4nt f\u00f6r sina vita gator, sina utsiktspunkter och sin traditionella andalusiska atmosf\u00e4r.<\/p>\n<p>Det \u00e4r ocks\u00e5 v\u00e4rt att bes\u00f6ka <strong>M\u00e1laga stad<\/strong>. Dess historiska centrum, Picassomuseet, Alcazaba och hamnen erbjuder ett brett utbud av kulturella och gastronomiska upplevelser.<\/p>\n<p>Ett annat popul\u00e4rt alternativ \u00e4r att resa l\u00e4ngs kusten mot <strong>Marbella eller Estepona<\/strong>, d\u00e4r du hittar str\u00e4nder, sm\u00e5b\u00e5tshamnar och restauranger med havsutsikt.<\/p>\n<p>Det \u00e4r till och med m\u00f6jligt att organisera dagsutflykter till platser som ligger lite l\u00e4ngre bort, s\u00e5som <strong>Ronda eller Caminito del Rey<\/strong>, tv\u00e5 av de mest imponerande resm\u00e5len i provinsen.<\/p>\n<h2>En hyrbil f\u00f6r att njuta av Costa del Sol i full frihet<\/h2>\n<p>P\u00e5skveckan \u00e4r en av de b\u00e4sta tiderna p\u00e5 \u00e5ret f\u00f6r att uppt\u00e4cka Fuengirola och dess omgivningar. V\u00e5rklimatet, processionernas kulturella rikedom och n\u00e4rheten till m\u00e5nga intressanta platser g\u00f6r dessa dagar idealiska f\u00f6r att resa.<\/p>\n<p>Att ha en hyrbil g\u00f6r det m\u00f6jligt att f\u00e5 ut det mesta av vistelsen, utforska Costa del Sol bekv\u00e4mt och anpassa planerna varje dag. P\u00e5 <strong>Inmocoches Car Hire erbjuder vi biluthyrning i Fuengirola<\/strong> och i n\u00e4rliggande st\u00e4der. Om du vill se vilka fordon som \u00e4r tillg\u00e4ngliga f\u00f6r dina resedatum och kontrollera v\u00e5ra priser kan du bes\u00f6ka v\u00e5rt <a href=\"https:\/\/booking.inmocochescarhire.com\/\">bokningsomr\u00e5de f\u00f6r bilar<\/a>, d\u00e4r denna information alltid h\u00e5lls uppdaterad.<\/p>\n<p>Oavsett om du vill f\u00f6lja processioner i olika st\u00e4der, utforska vita byar eller njuta av v\u00e5rens str\u00e4nder g\u00f6r ett eget fordon det enklare att g\u00f6ra p\u00e5skveckan till en komplett och of\u00f6rgl\u00f6mlig upplevelse.<\/p>\n","protected":false},"excerpt":{"rendered":"<p>P\u00e5skveckan \u00e4r en av de viktigaste h\u00f6gtiderna i kalendern i Andalusien. Under dessa dagar fylls st\u00e4der och byar i hela regionen av processioner, marschorkestrar, religi\u00f6sa b\u00e4rstolar som b\u00e4rs av costaleros och tusentals m\u00e4nniskor som g\u00e5r ut p\u00e5 gatorna f\u00f6r att uppleva en tradition som \u00e4r djupt rotad i den lokala kulturen. F\u00f6r m\u00e5nga bes\u00f6kare \u00e4r&#8230;<\/p>\n","protected":false},"author":3,"featured_media":9141,"comment_status":"closed","ping_status":"closed","sticky":false,"template":"","format":"standard","meta":{"_crdt_document":"","_joinchat":[],"footnotes":""},"categories":[170],"tags":[],"class_list":["post-9161","post","type-post","status-publish","format-standard","has-post-thumbnail","hentry","category-biluthyrning-i-fuengirola-under-pasken"],"yoast_head":"<!-- This site is optimized with the Yoast SEO plugin v27.5 - https:\/\/yoast.com\/product\/yoast-seo-wordpress\/ -->\n<title>Biluthyrning i Fuengirola under p\u00e5sken 2026 - Inmocoches<\/title>\n<meta name=\"robots\" content=\"index, follow, max-snippet:-1, max-image-preview:large, max-video-preview:-1\" \/>\n<link rel=\"canonical\" href=\"https:\/\/www.inmocochescarhire.com\/sv\/biluthyrning-i-fuengirola-under-pasken-2026\/\" \/>\n<meta property=\"og:locale\" content=\"sv_SE\" \/>\n<meta property=\"og:type\" content=\"article\" \/>\n<meta property=\"og:title\" content=\"Biluthyrning i Fuengirola under p\u00e5sken 2026 - Inmocoches\" \/>\n<meta property=\"og:description\" content=\"P\u00e5skveckan \u00e4r en av de viktigaste h\u00f6gtiderna i kalendern i Andalusien. Under dessa dagar fylls st\u00e4der och byar i hela regionen av processioner, marschorkestrar, religi\u00f6sa b\u00e4rstolar som b\u00e4rs av costaleros och tusentals m\u00e4nniskor som g\u00e5r ut p\u00e5 gatorna f\u00f6r att uppleva en tradition som \u00e4r djupt rotad i den lokala kulturen. F\u00f6r m\u00e5nga bes\u00f6kare \u00e4r...\" \/>\n<meta property=\"og:url\" content=\"https:\/\/www.inmocochescarhire.com\/sv\/biluthyrning-i-fuengirola-under-pasken-2026\/\" \/>\n<meta property=\"og:site_name\" content=\"Inmocoches\" \/>\n<meta property=\"article:published_time\" content=\"2026-03-14T00:08:30+00:00\" \/>\n<meta property=\"article:modified_time\" content=\"2026-03-14T11:16:55+00:00\" \/>\n<meta property=\"og:image\" content=\"https:\/\/www.inmocochescarhire.com\/wp-content\/uploads\/2026\/03\/alquiler-fuengirola-scaled.jpg\" \/>\n\t<meta property=\"og:image:width\" content=\"1920\" \/>\n\t<meta property=\"og:image:height\" content=\"1006\" \/>\n\t<meta property=\"og:image:type\" content=\"image\/jpeg\" \/>\n<meta name=\"author\" content=\"Inmocoches\" \/>\n<meta name=\"twitter:card\" content=\"summary_large_image\" \/>\n<meta name=\"twitter:label1\" content=\"Skriven av\" \/>\n\t<meta name=\"twitter:data1\" content=\"Inmocoches\" \/>\n\t<meta name=\"twitter:label2\" content=\"Ber\u00e4knad l\u00e4stid\" \/>\n\t<meta name=\"twitter:data2\" content=\"6 minuter\" \/>\n<script type=\"application\/ld+json\" class=\"yoast-schema-graph\">{\"@context\":\"https:\\\/\\\/schema.org\",\"@graph\":[{\"@type\":\"Article\",\"@id\":\"https:\\\/\\\/www.inmocochescarhire.com\\\/sv\\\/biluthyrning-i-fuengirola-under-pasken-2026\\\/#article\",\"isPartOf\":{\"@id\":\"https:\\\/\\\/www.inmocochescarhire.com\\\/sv\\\/biluthyrning-i-fuengirola-under-pasken-2026\\\/\"},\"author\":{\"name\":\"Inmocoches\",\"@id\":\"https:\\\/\\\/www.inmocochescarhire.com\\\/sv\\\/#\\\/schema\\\/person\\\/7dc387a6b27b651d87b4e7e21665f304\"},\"headline\":\"Biluthyrning i Fuengirola under p\u00e5sken 2026\",\"datePublished\":\"2026-03-14T00:08:30+00:00\",\"dateModified\":\"2026-03-14T11:16:55+00:00\",\"mainEntityOfPage\":{\"@id\":\"https:\\\/\\\/www.inmocochescarhire.com\\\/sv\\\/biluthyrning-i-fuengirola-under-pasken-2026\\\/\"},\"wordCount\":1338,\"image\":{\"@id\":\"https:\\\/\\\/www.inmocochescarhire.com\\\/sv\\\/biluthyrning-i-fuengirola-under-pasken-2026\\\/#primaryimage\"},\"thumbnailUrl\":\"https:\\\/\\\/www.inmocochescarhire.com\\\/wp-content\\\/uploads\\\/2026\\\/03\\\/alquiler-fuengirola-scaled.jpg\",\"articleSection\":[\"Biluthyrning i Fuengirola under p\u00e5sken\"],\"inLanguage\":\"sv-SE\"},{\"@type\":\"WebPage\",\"@id\":\"https:\\\/\\\/www.inmocochescarhire.com\\\/sv\\\/biluthyrning-i-fuengirola-under-pasken-2026\\\/\",\"url\":\"https:\\\/\\\/www.inmocochescarhire.com\\\/sv\\\/biluthyrning-i-fuengirola-under-pasken-2026\\\/\",\"name\":\"Biluthyrning i Fuengirola under p\u00e5sken 2026 - Inmocoches\",\"isPartOf\":{\"@id\":\"https:\\\/\\\/www.inmocochescarhire.com\\\/sv\\\/#website\"},\"primaryImageOfPage\":{\"@id\":\"https:\\\/\\\/www.inmocochescarhire.com\\\/sv\\\/biluthyrning-i-fuengirola-under-pasken-2026\\\/#primaryimage\"},\"image\":{\"@id\":\"https:\\\/\\\/www.inmocochescarhire.com\\\/sv\\\/biluthyrning-i-fuengirola-under-pasken-2026\\\/#primaryimage\"},\"thumbnailUrl\":\"https:\\\/\\\/www.inmocochescarhire.com\\\/wp-content\\\/uploads\\\/2026\\\/03\\\/alquiler-fuengirola-scaled.jpg\",\"datePublished\":\"2026-03-14T00:08:30+00:00\",\"dateModified\":\"2026-03-14T11:16:55+00:00\",\"author\":{\"@id\":\"https:\\\/\\\/www.inmocochescarhire.com\\\/sv\\\/#\\\/schema\\\/person\\\/7dc387a6b27b651d87b4e7e21665f304\"},\"breadcrumb\":{\"@id\":\"https:\\\/\\\/www.inmocochescarhire.com\\\/sv\\\/biluthyrning-i-fuengirola-under-pasken-2026\\\/#breadcrumb\"},\"inLanguage\":\"sv-SE\",\"potentialAction\":[{\"@type\":\"ReadAction\",\"target\":[\"https:\\\/\\\/www.inmocochescarhire.com\\\/sv\\\/biluthyrning-i-fuengirola-under-pasken-2026\\\/\"]}]},{\"@type\":\"ImageObject\",\"inLanguage\":\"sv-SE\",\"@id\":\"https:\\\/\\\/www.inmocochescarhire.com\\\/sv\\\/biluthyrning-i-fuengirola-under-pasken-2026\\\/#primaryimage\",\"url\":\"https:\\\/\\\/www.inmocochescarhire.com\\\/wp-content\\\/uploads\\\/2026\\\/03\\\/alquiler-fuengirola-scaled.jpg\",\"contentUrl\":\"https:\\\/\\\/www.inmocochescarhire.com\\\/wp-content\\\/uploads\\\/2026\\\/03\\\/alquiler-fuengirola-scaled.jpg\",\"width\":1920,\"height\":1006},{\"@type\":\"BreadcrumbList\",\"@id\":\"https:\\\/\\\/www.inmocochescarhire.com\\\/sv\\\/biluthyrning-i-fuengirola-under-pasken-2026\\\/#breadcrumb\",\"itemListElement\":[{\"@type\":\"ListItem\",\"position\":1,\"name\":\"Portada\",\"item\":\"https:\\\/\\\/www.inmocochescarhire.com\\\/sv\\\/\"},{\"@type\":\"ListItem\",\"position\":2,\"name\":\"Biluthyrning i Fuengirola under p\u00e5sken 2026\"}]},{\"@type\":\"WebSite\",\"@id\":\"https:\\\/\\\/www.inmocochescarhire.com\\\/sv\\\/#website\",\"url\":\"https:\\\/\\\/www.inmocochescarhire.com\\\/sv\\\/\",\"name\":\"Inmocoches\",\"description\":\"\",\"potentialAction\":[{\"@type\":\"SearchAction\",\"target\":{\"@type\":\"EntryPoint\",\"urlTemplate\":\"https:\\\/\\\/www.inmocochescarhire.com\\\/sv\\\/?s={search_term_string}\"},\"query-input\":{\"@type\":\"PropertyValueSpecification\",\"valueRequired\":true,\"valueName\":\"search_term_string\"}}],\"inLanguage\":\"sv-SE\"},{\"@type\":\"Person\",\"@id\":\"https:\\\/\\\/www.inmocochescarhire.com\\\/sv\\\/#\\\/schema\\\/person\\\/7dc387a6b27b651d87b4e7e21665f304\",\"name\":\"Inmocoches\",\"image\":{\"@type\":\"ImageObject\",\"inLanguage\":\"sv-SE\",\"@id\":\"https:\\\/\\\/secure.gravatar.com\\\/avatar\\\/46ed233da40dec2852f101ec89994d9fd8824ee2505dbaffb9f2918b3327ace1?s=96&d=mm&r=g\",\"url\":\"https:\\\/\\\/secure.gravatar.com\\\/avatar\\\/46ed233da40dec2852f101ec89994d9fd8824ee2505dbaffb9f2918b3327ace1?s=96&d=mm&r=g\",\"contentUrl\":\"https:\\\/\\\/secure.gravatar.com\\\/avatar\\\/46ed233da40dec2852f101ec89994d9fd8824ee2505dbaffb9f2918b3327ace1?s=96&d=mm&r=g\",\"caption\":\"Inmocoches\"},\"url\":\"https:\\\/\\\/www.inmocochescarhire.com\\\/sv\\\/author\\\/serafin\\\/\"}]}<\/script>\n<!-- \/ Yoast SEO plugin. -->","yoast_head_json":{"title":"Biluthyrning i Fuengirola under p\u00e5sken 2026 - Inmocoches","robots":{"index":"index","follow":"follow","max-snippet":"max-snippet:-1","max-image-preview":"max-image-preview:large","max-video-preview":"max-video-preview:-1"},"canonical":"https:\/\/www.inmocochescarhire.com\/sv\/biluthyrning-i-fuengirola-under-pasken-2026\/","og_locale":"sv_SE","og_type":"article","og_title":"Biluthyrning i Fuengirola under p\u00e5sken 2026 - Inmocoches","og_description":"P\u00e5skveckan \u00e4r en av de viktigaste h\u00f6gtiderna i kalendern i Andalusien. Under dessa dagar fylls st\u00e4der och byar i hela regionen av processioner, marschorkestrar, religi\u00f6sa b\u00e4rstolar som b\u00e4rs av costaleros och tusentals m\u00e4nniskor som g\u00e5r ut p\u00e5 gatorna f\u00f6r att uppleva en tradition som \u00e4r djupt rotad i den lokala kulturen. F\u00f6r m\u00e5nga bes\u00f6kare \u00e4r...","og_url":"https:\/\/www.inmocochescarhire.com\/sv\/biluthyrning-i-fuengirola-under-pasken-2026\/","og_site_name":"Inmocoches","article_published_time":"2026-03-14T00:08:30+00:00","article_modified_time":"2026-03-14T11:16:55+00:00","og_image":[{"width":1920,"height":1006,"url":"https:\/\/www.inmocochescarhire.com\/wp-content\/uploads\/2026\/03\/alquiler-fuengirola-scaled.jpg","type":"image\/jpeg"}],"author":"Inmocoches","twitter_card":"summary_large_image","twitter_misc":{"Skriven av":"Inmocoches","Ber\u00e4knad l\u00e4stid":"6 minuter"},"schema":{"@context":"https:\/\/schema.org","@graph":[{"@type":"Article","@id":"https:\/\/www.inmocochescarhire.com\/sv\/biluthyrning-i-fuengirola-under-pasken-2026\/#article","isPartOf":{"@id":"https:\/\/www.inmocochescarhire.com\/sv\/biluthyrning-i-fuengirola-under-pasken-2026\/"},"author":{"name":"Inmocoches","@id":"https:\/\/www.inmocochescarhire.com\/sv\/#\/schema\/person\/7dc387a6b27b651d87b4e7e21665f304"},"headline":"Biluthyrning i Fuengirola under p\u00e5sken 2026","datePublished":"2026-03-14T00:08:30+00:00","dateModified":"2026-03-14T11:16:55+00:00","mainEntityOfPage":{"@id":"https:\/\/www.inmocochescarhire.com\/sv\/biluthyrning-i-fuengirola-under-pasken-2026\/"},"wordCount":1338,"image":{"@id":"https:\/\/www.inmocochescarhire.com\/sv\/biluthyrning-i-fuengirola-under-pasken-2026\/#primaryimage"},"thumbnailUrl":"https:\/\/www.inmocochescarhire.com\/wp-content\/uploads\/2026\/03\/alquiler-fuengirola-scaled.jpg","articleSection":["Biluthyrning i Fuengirola under p\u00e5sken"],"inLanguage":"sv-SE"},{"@type":"WebPage","@id":"https:\/\/www.inmocochescarhire.com\/sv\/biluthyrning-i-fuengirola-under-pasken-2026\/","url":"https:\/\/www.inmocochescarhire.com\/sv\/biluthyrning-i-fuengirola-under-pasken-2026\/","name":"Biluthyrning i Fuengirola under p\u00e5sken 2026 - Inmocoches","isPartOf":{"@id":"https:\/\/www.inmocochescarhire.com\/sv\/#website"},"primaryImageOfPage":{"@id":"https:\/\/www.inmocochescarhire.com\/sv\/biluthyrning-i-fuengirola-under-pasken-2026\/#primaryimage"},"image":{"@id":"https:\/\/www.inmocochescarhire.com\/sv\/biluthyrning-i-fuengirola-under-pasken-2026\/#primaryimage"},"thumbnailUrl":"https:\/\/www.inmocochescarhire.com\/wp-content\/uploads\/2026\/03\/alquiler-fuengirola-scaled.jpg","datePublished":"2026-03-14T00:08:30+00:00","dateModified":"2026-03-14T11:16:55+00:00","author":{"@id":"https:\/\/www.inmocochescarhire.com\/sv\/#\/schema\/person\/7dc387a6b27b651d87b4e7e21665f304"},"breadcrumb":{"@id":"https:\/\/www.inmocochescarhire.com\/sv\/biluthyrning-i-fuengirola-under-pasken-2026\/#breadcrumb"},"inLanguage":"sv-SE","potentialAction":[{"@type":"ReadAction","target":["https:\/\/www.inmocochescarhire.com\/sv\/biluthyrning-i-fuengirola-under-pasken-2026\/"]}]},{"@type":"ImageObject","inLanguage":"sv-SE","@id":"https:\/\/www.inmocochescarhire.com\/sv\/biluthyrning-i-fuengirola-under-pasken-2026\/#primaryimage","url":"https:\/\/www.inmocochescarhire.com\/wp-content\/uploads\/2026\/03\/alquiler-fuengirola-scaled.jpg","contentUrl":"https:\/\/www.inmocochescarhire.com\/wp-content\/uploads\/2026\/03\/alquiler-fuengirola-scaled.jpg","width":1920,"height":1006},{"@type":"BreadcrumbList","@id":"https:\/\/www.inmocochescarhire.com\/sv\/biluthyrning-i-fuengirola-under-pasken-2026\/#breadcrumb","itemListElement":[{"@type":"ListItem","position":1,"name":"Portada","item":"https:\/\/www.inmocochescarhire.com\/sv\/"},{"@type":"ListItem","position":2,"name":"Biluthyrning i Fuengirola under p\u00e5sken 2026"}]},{"@type":"WebSite","@id":"https:\/\/www.inmocochescarhire.com\/sv\/#website","url":"https:\/\/www.inmocochescarhire.com\/sv\/","name":"Inmocoches","description":"","potentialAction":[{"@type":"SearchAction","target":{"@type":"EntryPoint","urlTemplate":"https:\/\/www.inmocochescarhire.com\/sv\/?s={search_term_string}"},"query-input":{"@type":"PropertyValueSpecification","valueRequired":true,"valueName":"search_term_string"}}],"inLanguage":"sv-SE"},{"@type":"Person","@id":"https:\/\/www.inmocochescarhire.com\/sv\/#\/schema\/person\/7dc387a6b27b651d87b4e7e21665f304","name":"Inmocoches","image":{"@type":"ImageObject","inLanguage":"sv-SE","@id":"https:\/\/secure.gravatar.com\/avatar\/46ed233da40dec2852f101ec89994d9fd8824ee2505dbaffb9f2918b3327ace1?s=96&d=mm&r=g","url":"https:\/\/secure.gravatar.com\/avatar\/46ed233da40dec2852f101ec89994d9fd8824ee2505dbaffb9f2918b3327ace1?s=96&d=mm&r=g","contentUrl":"https:\/\/secure.gravatar.com\/avatar\/46ed233da40dec2852f101ec89994d9fd8824ee2505dbaffb9f2918b3327ace1?s=96&d=mm&r=g","caption":"Inmocoches"},"url":"https:\/\/www.inmocochescarhire.com\/sv\/author\/serafin\/"}]}},"_links":{"self":[{"href":"https:\/\/www.inmocochescarhire.com\/sv\/wp-json\/wp\/v2\/posts\/9161","targetHints":{"allow":["GET"]}}],"collection":[{"href":"https:\/\/www.inmocochescarhire.com\/sv\/wp-json\/wp\/v2\/posts"}],"about":[{"href":"https:\/\/www.inmocochescarhire.com\/sv\/wp-json\/wp\/v2\/types\/post"}],"author":[{"embeddable":true,"href":"https:\/\/www.inmocochescarhire.com\/sv\/wp-json\/wp\/v2\/users\/3"}],"replies":[{"embeddable":true,"href":"https:\/\/www.inmocochescarhire.com\/sv\/wp-json\/wp\/v2\/comments?post=9161"}],"version-history":[{"count":2,"href":"https:\/\/www.inmocochescarhire.com\/sv\/wp-json\/wp\/v2\/posts\/9161\/revisions"}],"predecessor-version":[{"id":9166,"href":"https:\/\/www.inmocochescarhire.com\/sv\/wp-json\/wp\/v2\/posts\/9161\/revisions\/9166"}],"wp:featuredmedia":[{"embeddable":true,"href":"https:\/\/www.inmocochescarhire.com\/sv\/wp-json\/wp\/v2\/media\/9141"}],"wp:attachment":[{"href":"https:\/\/www.inmocochescarhire.com\/sv\/wp-json\/wp\/v2\/media?parent=9161"}],"wp:term":[{"taxonomy":"category","embeddable":true,"href":"https:\/\/www.inmocochescarhire.com\/sv\/wp-json\/wp\/v2\/categories?post=9161"},{"taxonomy":"post_tag","embeddable":true,"href":"https:\/\/www.inmocochescarhire.com\/sv\/wp-json\/wp\/v2\/tags?post=9161"}],"curies":[{"name":"wp","href":"https:\/\/api.w.org\/{rel}","templated":true}]}}