{"id":10095,"date":"2026-08-30T23:29:52","date_gmt":"2026-08-30T21:29:52","guid":{"rendered":"https:\/\/www.inmocochescarhire.com\/?p=10095"},"modified":"2026-08-30T23:36:41","modified_gmt":"2026-08-30T21:36:41","slug":"hyra-7-sitsig-bil-vilken-ska-du-valja-citroen-c4-picasso-seat-alhambra-och-volkswagen-touran","status":"publish","type":"post","link":"https:\/\/www.inmocochescarhire.com\/sv\/hyra-7-sitsig-bil-vilken-ska-du-valja-citroen-c4-picasso-seat-alhambra-och-volkswagen-touran\/","title":{"rendered":"Hyra 7-sitsig bil \u2013 vilken ska du v\u00e4lja? Citro\u00ebn C4 Picasso, SEAT Alhambra och Volkswagen Touran"},"content":{"rendered":"<p>N\u00e4r flera personer reser tillsammans p\u00e5 Costa del Sol kan en sjusitsig bil f\u00f6r\u00e4ndra hela reseupplevelsen. En stor familj, tv\u00e5 par som vill dela bil eller en grupp v\u00e4nner som planerar att uppt\u00e4cka Fuengirola, Marbella, M\u00e1laga, Mijas, Nerja eller byarna i inlandet kan st\u00e4llas inf\u00f6r ett mycket enkelt problem: sju personer beh\u00f6ver utrymme och dessutom m\u00e5ste det finnas plats f\u00f6r bagaget. Att l\u00f6sa detta med tv\u00e5 bilar inneb\u00e4r att gruppen delas upp, tv\u00e5 f\u00f6rare m\u00e5ste samordnas och tv\u00e5 fordon m\u00e5ste hanteras. Med en sjusitsig MPV kan d\u00e4remot alla resa tillsammans under hela resan.<\/p>\n<p>Att hyra en 7-sitsig bil \u00e4r s\u00e4rskilt intressant n\u00e4r m\u00e5let inte bara \u00e4r att ta sig fr\u00e5n flygplatsen till boendet, utan att anv\u00e4nda bilen under flera dagar f\u00f6r att uppt\u00e4cka Costa del Sol. Friheten att ge sig av n\u00e4r man vill, stanna vid en strand, bes\u00f6ka en by i inlandet eller \u00e4ndra sina planer under resans g\u00e5ng \u00e4r s\u00e4rskilt v\u00e4rdefull n\u00e4r man reser i grupp. J\u00e4mf\u00f6rt med en vanlig femsitsig bil erbjuder de tv\u00e5 extra sittplatserna en betydligt bekv\u00e4mare l\u00f6sning f\u00f6r vissa familjer och grupper.<\/p>\n<p>Det \u00e4r dock viktigt att komma ih\u00e5g att <strong>alla sjusitsiga bilar inte \u00e4r likadana<\/strong>. Detta \u00e4r en viktig aspekt som ibland hamnar i skymundan n\u00e4r man bara tittar p\u00e5 antalet sittplatser. En bil kan ha sju sittplatser och \u00e4nd\u00e5 fr\u00e4mst vara utformad f\u00f6r att transportera sex eller sju personer endast vid enstaka tillf\u00e4llen. En annan kan erbjuda en betydligt mer anv\u00e4ndbar tredje s\u00e4tesrad och vara utformad fr\u00e5n b\u00f6rjan som en riktig familjebil med stor kapacitet. Det finns ocks\u00e5 betydande skillnader i hur mycket bagageutrymme som finns n\u00e4r alla sju sittplatser anv\u00e4nds.<\/p>\n<p>P\u00e5 Inmocoches Car Hire i Fuengirola har vi tre modeller som g\u00f6r det m\u00f6jligt att se p\u00e5 valet fr\u00e5n olika perspektiv: <strong>Citro\u00ebn C4 Picasso, SEAT Alhambra och Volkswagen Touran<\/strong>. Alla tre tillh\u00f6r kategorin sjusitsiga MPV-bilar, men deras m\u00e5tt, interi\u00f6rens utformning och anv\u00e4ndningsomr\u00e5de \u00e4r inte exakt desamma.<\/p>\n<h3>Citro\u00ebn C4 Picasso. Komfort och flexibilitet<\/h3>\n<p>Citro\u00ebn C4 Picasso utm\u00e4rker sig i sin sjusitsiga konfiguration med en interi\u00f6r som \u00e4r utformad med passagerarnas komfort i \u00e5tanke. Den andra s\u00e4tesraden best\u00e5r av tre individuella s\u00e4ten som kan flyttas och justeras, vilket g\u00f6r det m\u00f6jligt att f\u00f6rdela utrymmet efter gruppens behov. Denna flexibilitet \u00e4r s\u00e4rskilt praktisk n\u00e4r alla passagerare inte beh\u00f6ver exakt lika mycket utrymme.<\/p>\n<p>C4 Picasso har en tydlig familjeinriktad karakt\u00e4r. Den ljusa kup\u00e9n, sittpositionen och fokus p\u00e5 komfort g\u00f6r bilen behaglig vid l\u00e4ngre resor. Det \u00e4r ett s\u00e4rskilt intressant alternativ f\u00f6r den som planerar bilutflykter och uppskattar en lugn och bekv\u00e4m resa.<\/p>\n<p>N\u00e4r alla sju sittplatser anv\u00e4nds m\u00e5ste man naturligtvis ta h\u00e4nsyn till bagaget. Den tredje s\u00e4tesraden tar upp en del av utrymmet baktill och, som med praktiskt taget alla MPV-bilar i den h\u00e4r storleksklassen, kan man inte f\u00f6rv\u00e4nta sig samma bagageutrymme som n\u00e4r man reser med fem personer. N\u00e4r de bakre s\u00e4tena d\u00e4remot inte beh\u00f6vs g\u00f6r den flexibla interi\u00f6ren det m\u00f6jligt att \u00e5terf\u00e5 en betydande m\u00e4ngd utrymme.<\/p>\n<h3>SEAT Alhambra. Specialisten p\u00e5 att transportera passagerare<\/h3>\n<p>SEAT Alhambra tillh\u00f6r en annan kategori. Det \u00e4r en betydligt st\u00f6rre MPV och dess fr\u00e4msta styrka \u00e4r just det stora utrymmet i kup\u00e9n. Med en l\u00e4ngd p\u00e5 omkring 4,85 meter \u00e4r den klart st\u00f6rre \u00e4n modeller som C4 Picasso eller Touran.<\/p>\n<p>Det m\u00e4rks s\u00e4rskilt n\u00e4r sju personer faktiskt reser i bilen. Den st\u00f6rre l\u00e4ngden och bredden ger en rymligare kup\u00e9 och g\u00f6r de tv\u00e5 bakersta sittplatserna betydligt mer anv\u00e4ndbara. De skjutbara bakd\u00f6rrarna \u00e4r dessutom en praktisk f\u00f6rdel n\u00e4r man parkerar p\u00e5 tr\u00e5nga platser, n\u00e5got som kan vara s\u00e4rskilt uppskattat i stadsomr\u00e5den och p\u00e5 v\u00e4lbes\u00f6kta parkeringsplatser.<\/p>\n<p>Alhambra \u00e4r d\u00e4rf\u00f6r f\u00f6rmodligen det mest logiska valet n\u00e4r prioriteten \u00e4r att <strong>transportera sju personer med s\u00e5 mycket utrymme som m\u00f6jligt<\/strong>. Den \u00e4r ocks\u00e5 s\u00e4rskilt attraktiv f\u00f6r familjer som reser med barn och beh\u00f6ver plats f\u00f6r bilbarnstolar, bagage och andra saker utan att beh\u00f6va k\u00e4mpa med att organisera utrymmet.<\/p>\n<h3>Volkswagen Touran. Balansen mellan storlek och funktionalitet<\/h3>\n<p>Volkswagen Touran befinner sig mellan dessa tv\u00e5 koncept. Den \u00e4r mer kompakt \u00e4n Alhambra, men erbjuder en mycket praktisk sjusitsig konfiguration och ett karosseri som \u00e4r l\u00e4ttare att hantera i staden och p\u00e5 smalare v\u00e4gar.<\/p>\n<p>Dess fr\u00e4msta f\u00f6rdel \u00e4r balansen. Den g\u00f6r det m\u00f6jligt att anv\u00e4nda alla sju sittplatser n\u00e4r det beh\u00f6vs utan att beh\u00f6va v\u00e4lja ett lika stort fordon som Alhambra. Den andra s\u00e4tesraden \u00e4r flexibel och den tredje raden kan anv\u00e4ndas n\u00e4r gruppen beh\u00f6ver den. N\u00e4r baks\u00e4tena f\u00e4lls ner f\u00e5r man samtidigt betydligt st\u00f6rre lastkapacitet.<\/p>\n<p>En annan egenskap hos den Touran vi erbjuder p\u00e5 Inmocoches Car Hire \u00e4r att den har <strong>automatisk v\u00e4xell\u00e5da<\/strong>, vilket kan vara ytterligare en anledning att v\u00e4lja den vid biluthyrning.<\/p>\n<p>Vid k\u00f6rning k\u00e4nns Touran dessutom mer som en traditionell personbil. F\u00f6r den som planerar att k\u00f6ra m\u00e5nga kilometer och f\u00f6redrar en bil med mer m\u00e5ttliga dimensioner kan den vara ett s\u00e4rskilt intressant alternativ.<\/p>\n<h3>Vilken ska du v\u00e4lja f\u00f6r en resa med sju personer?<\/h3>\n<p>Svaret beror framf\u00f6r allt p\u00e5 hur bilen kommer att anv\u00e4ndas. <strong>Citro\u00ebn C4 Picasso<\/strong> \u00e4r s\u00e4rskilt attraktiv om du s\u00f6ker komfort och flexibilitet i kup\u00e9n. <strong>SEAT Alhambra<\/strong> \u00e4r det alternativ som tydligast fokuserar p\u00e5 utrymme och passar s\u00e4rskilt bra n\u00e4r alla sju sittplatser kommer att anv\u00e4ndas ofta. <strong>Volkswagen Touran<\/strong> erbjuder i sin tur en mycket intressant kompromiss mellan kapacitet, praktiska egenskaper och mer kompakta dimensioner.<\/p>\n<p>Det \u00e4r ocks\u00e5 viktigt att komma ih\u00e5g att behoven hos en familj p\u00e5 sju personer inte \u00e4r exakt desamma som hos sju vuxna som reser med bagage f\u00f6r en hel vecka. Innan du bokar \u00e4r det v\u00e4rt att t\u00e4nka p\u00e5 inte bara hur m\u00e5nga personer som ska resa, utan ocks\u00e5 <strong>hur mycket bagage de kommer att ha och hur ofta alla sju sittplatser kommer att anv\u00e4ndas<\/strong>.<\/p>\n<p>Att hyra en sjusitsig bil i Fuengirola handlar i slut\u00e4ndan inte bara om att v\u00e4lja en bil d\u00e4r \u00absju personer f\u00e5r plats\u00bb. Den verkliga fr\u00e5gan \u00e4r att hitta den modell som b\u00e4st passar den typ av resa du planerar. P\u00e5 Inmocoches Car Hire kan vi erbjuda dessa tre alternativ s\u00e5 att varje grupp kan v\u00e4lja mellan olika niv\u00e5er av utrymme, komfort och funktionalitet och njuta av Costa del Sol tillsammans i samma bil.<\/p>\n<p>Om du \u00e4r intresserad av den h\u00e4r typen av 7-sitsiga bilar rekommenderar vi att du f\u00f6rst kontrollerar vilka bilar som \u00e4r tillg\u00e4ngliga under dina resedatum. Priserna f\u00f6r alla dessa bilar varierar beroende p\u00e5 \u00e5rstid men \u00e4r vanligtvis mycket likartade. <a href=\"https:\/\/booking.inmocochescarhire.com\/\">V\u00e5rt bokningssystem<\/a>\u00a0\u00e4r tillg\u00e4ngligt dygnet runt, alla dagar i veckan. Om du har n\u00e5gra fr\u00e5gor kan du ocks\u00e5 ringa oss. Vi finns tillg\u00e4ngliga f\u00f6r att svara p\u00e5 alla fr\u00e5gor du kan ha om v\u00e5ra bilar eller v\u00e5ra tj\u00e4nster.<\/p>\n","protected":false},"excerpt":{"rendered":"<p>N\u00e4r flera personer reser tillsammans p\u00e5 Costa del Sol kan en sjusitsig bil f\u00f6r\u00e4ndra hela reseupplevelsen. En stor familj, tv\u00e5 par som vill dela bil eller en grupp v\u00e4nner som planerar att uppt\u00e4cka Fuengirola, Marbella, M\u00e1laga, Mijas, Nerja eller byarna i inlandet kan st\u00e4llas inf\u00f6r ett mycket enkelt problem: sju personer beh\u00f6ver utrymme och dessutom&#8230;<\/p>\n","protected":false},"author":3,"featured_media":10086,"comment_status":"closed","ping_status":"closed","sticky":false,"template":"","format":"standard","meta":{"_joinchat":[],"footnotes":""},"categories":[183],"tags":[],"class_list":["post-10095","post","type-post","status-publish","format-standard","has-post-thumbnail","hentry","category-inmocoches-car-hire"],"yoast_head":"<!-- This site is optimized with the Yoast SEO plugin v28.3 - https:\/\/yoast.com\/product\/yoast-seo-wordpress\/ -->\n<title>Hyra 7-sitsig bil \u2013 vilken ska du v\u00e4lja? Citro\u00ebn C4 Picasso, SEAT Alhambra och Volkswagen Touran - Inmocoches<\/title>\n<meta name=\"robots\" content=\"index, follow, max-snippet:-1, max-image-preview:large, max-video-preview:-1\" \/>\n<link rel=\"canonical\" href=\"https:\/\/www.inmocochescarhire.com\/sv\/hyra-7-sitsig-bil-vilken-ska-du-valja-citroen-c4-picasso-seat-alhambra-och-volkswagen-touran\/\" \/>\n<meta property=\"og:locale\" content=\"sv_SE\" \/>\n<meta property=\"og:type\" content=\"article\" \/>\n<meta property=\"og:title\" content=\"Hyra 7-sitsig bil \u2013 vilken ska du v\u00e4lja? Citro\u00ebn C4 Picasso, SEAT Alhambra och Volkswagen Touran - Inmocoches\" \/>\n<meta property=\"og:description\" content=\"N\u00e4r flera personer reser tillsammans p\u00e5 Costa del Sol kan en sjusitsig bil f\u00f6r\u00e4ndra hela reseupplevelsen. En stor familj, tv\u00e5 par som vill dela bil eller en grupp v\u00e4nner som planerar att uppt\u00e4cka Fuengirola, Marbella, M\u00e1laga, Mijas, Nerja eller byarna i inlandet kan st\u00e4llas inf\u00f6r ett mycket enkelt problem: sju personer beh\u00f6ver utrymme och dessutom...\" \/>\n<meta property=\"og:url\" content=\"https:\/\/www.inmocochescarhire.com\/sv\/hyra-7-sitsig-bil-vilken-ska-du-valja-citroen-c4-picasso-seat-alhambra-och-volkswagen-touran\/\" \/>\n<meta property=\"og:site_name\" content=\"Inmocoches\" \/>\n<meta property=\"article:published_time\" content=\"2026-08-30T21:29:52+00:00\" \/>\n<meta property=\"article:modified_time\" content=\"2026-08-30T21:36:41+00:00\" \/>\n<meta property=\"og:image\" content=\"https:\/\/www.inmocochescarhire.com\/wp-content\/uploads\/2026\/08\/touran.jpg\" \/>\n\t<meta property=\"og:image:width\" content=\"1248\" \/>\n\t<meta property=\"og:image:height\" content=\"832\" \/>\n\t<meta property=\"og:image:type\" content=\"image\/jpeg\" \/>\n<meta name=\"author\" content=\"Inmocoches\" \/>\n<meta name=\"twitter:card\" content=\"summary_large_image\" \/>\n<meta name=\"twitter:label1\" content=\"Skriven av\" \/>\n\t<meta name=\"twitter:data1\" content=\"Inmocoches\" \/>\n\t<meta name=\"twitter:label2\" content=\"Ber\u00e4knad l\u00e4stid\" \/>\n\t<meta name=\"twitter:data2\" content=\"5 minuter\" \/>\n<script type=\"application\/ld+json\" class=\"yoast-schema-graph\">{\"@context\":\"https:\\\/\\\/schema.org\",\"@graph\":[{\"@type\":\"Article\",\"@id\":\"https:\\\/\\\/www.inmocochescarhire.com\\\/sv\\\/hyra-7-sitsig-bil-vilken-ska-du-valja-citroen-c4-picasso-seat-alhambra-och-volkswagen-touran\\\/#article\",\"isPartOf\":{\"@id\":\"https:\\\/\\\/www.inmocochescarhire.com\\\/sv\\\/hyra-7-sitsig-bil-vilken-ska-du-valja-citroen-c4-picasso-seat-alhambra-och-volkswagen-touran\\\/\"},\"author\":{\"name\":\"Inmocoches\",\"@id\":\"https:\\\/\\\/www.inmocochescarhire.com\\\/sv\\\/#\\\/schema\\\/person\\\/7dc387a6b27b651d87b4e7e21665f304\"},\"headline\":\"Hyra 7-sitsig bil \u2013 vilken ska du v\u00e4lja? Citro\u00ebn C4 Picasso, SEAT Alhambra och Volkswagen Touran\",\"datePublished\":\"2026-08-30T21:29:52+00:00\",\"dateModified\":\"2026-08-30T21:36:41+00:00\",\"mainEntityOfPage\":{\"@id\":\"https:\\\/\\\/www.inmocochescarhire.com\\\/sv\\\/hyra-7-sitsig-bil-vilken-ska-du-valja-citroen-c4-picasso-seat-alhambra-och-volkswagen-touran\\\/\"},\"wordCount\":1291,\"image\":{\"@id\":\"https:\\\/\\\/www.inmocochescarhire.com\\\/sv\\\/hyra-7-sitsig-bil-vilken-ska-du-valja-citroen-c4-picasso-seat-alhambra-och-volkswagen-touran\\\/#primaryimage\"},\"thumbnailUrl\":\"https:\\\/\\\/www.inmocochescarhire.com\\\/wp-content\\\/uploads\\\/2026\\\/08\\\/touran.jpg\",\"articleSection\":[\"Inmocoches Car Hire\"],\"inLanguage\":\"sv-SE\"},{\"@type\":\"WebPage\",\"@id\":\"https:\\\/\\\/www.inmocochescarhire.com\\\/sv\\\/hyra-7-sitsig-bil-vilken-ska-du-valja-citroen-c4-picasso-seat-alhambra-och-volkswagen-touran\\\/\",\"url\":\"https:\\\/\\\/www.inmocochescarhire.com\\\/sv\\\/hyra-7-sitsig-bil-vilken-ska-du-valja-citroen-c4-picasso-seat-alhambra-och-volkswagen-touran\\\/\",\"name\":\"Hyra 7-sitsig bil \u2013 vilken ska du v\u00e4lja? Citro\u00ebn C4 Picasso, SEAT Alhambra och Volkswagen Touran - Inmocoches\",\"isPartOf\":{\"@id\":\"https:\\\/\\\/www.inmocochescarhire.com\\\/sv\\\/#website\"},\"primaryImageOfPage\":{\"@id\":\"https:\\\/\\\/www.inmocochescarhire.com\\\/sv\\\/hyra-7-sitsig-bil-vilken-ska-du-valja-citroen-c4-picasso-seat-alhambra-och-volkswagen-touran\\\/#primaryimage\"},\"image\":{\"@id\":\"https:\\\/\\\/www.inmocochescarhire.com\\\/sv\\\/hyra-7-sitsig-bil-vilken-ska-du-valja-citroen-c4-picasso-seat-alhambra-och-volkswagen-touran\\\/#primaryimage\"},\"thumbnailUrl\":\"https:\\\/\\\/www.inmocochescarhire.com\\\/wp-content\\\/uploads\\\/2026\\\/08\\\/touran.jpg\",\"datePublished\":\"2026-08-30T21:29:52+00:00\",\"dateModified\":\"2026-08-30T21:36:41+00:00\",\"author\":{\"@id\":\"https:\\\/\\\/www.inmocochescarhire.com\\\/sv\\\/#\\\/schema\\\/person\\\/7dc387a6b27b651d87b4e7e21665f304\"},\"breadcrumb\":{\"@id\":\"https:\\\/\\\/www.inmocochescarhire.com\\\/sv\\\/hyra-7-sitsig-bil-vilken-ska-du-valja-citroen-c4-picasso-seat-alhambra-och-volkswagen-touran\\\/#breadcrumb\"},\"inLanguage\":\"sv-SE\",\"potentialAction\":[{\"@type\":\"ReadAction\",\"target\":[\"https:\\\/\\\/www.inmocochescarhire.com\\\/sv\\\/hyra-7-sitsig-bil-vilken-ska-du-valja-citroen-c4-picasso-seat-alhambra-och-volkswagen-touran\\\/\"]}]},{\"@type\":\"ImageObject\",\"inLanguage\":\"sv-SE\",\"@id\":\"https:\\\/\\\/www.inmocochescarhire.com\\\/sv\\\/hyra-7-sitsig-bil-vilken-ska-du-valja-citroen-c4-picasso-seat-alhambra-och-volkswagen-touran\\\/#primaryimage\",\"url\":\"https:\\\/\\\/www.inmocochescarhire.com\\\/wp-content\\\/uploads\\\/2026\\\/08\\\/touran.jpg\",\"contentUrl\":\"https:\\\/\\\/www.inmocochescarhire.com\\\/wp-content\\\/uploads\\\/2026\\\/08\\\/touran.jpg\",\"width\":1248,\"height\":832},{\"@type\":\"BreadcrumbList\",\"@id\":\"https:\\\/\\\/www.inmocochescarhire.com\\\/sv\\\/hyra-7-sitsig-bil-vilken-ska-du-valja-citroen-c4-picasso-seat-alhambra-och-volkswagen-touran\\\/#breadcrumb\",\"itemListElement\":[{\"@type\":\"ListItem\",\"position\":1,\"name\":\"Portada\",\"item\":\"https:\\\/\\\/www.inmocochescarhire.com\\\/sv\\\/\"},{\"@type\":\"ListItem\",\"position\":2,\"name\":\"Hyra 7-sitsig bil \u2013 vilken ska du v\u00e4lja? Citro\u00ebn C4 Picasso, SEAT Alhambra och Volkswagen Touran\"}]},{\"@type\":\"WebSite\",\"@id\":\"https:\\\/\\\/www.inmocochescarhire.com\\\/sv\\\/#website\",\"url\":\"https:\\\/\\\/www.inmocochescarhire.com\\\/sv\\\/\",\"name\":\"Inmocoches\",\"description\":\"\",\"potentialAction\":[{\"@type\":\"SearchAction\",\"target\":{\"@type\":\"EntryPoint\",\"urlTemplate\":\"https:\\\/\\\/www.inmocochescarhire.com\\\/sv\\\/?s={search_term_string}\"},\"query-input\":{\"@type\":\"PropertyValueSpecification\",\"valueRequired\":true,\"valueName\":\"search_term_string\"}}],\"inLanguage\":\"sv-SE\"},{\"@type\":\"Person\",\"@id\":\"https:\\\/\\\/www.inmocochescarhire.com\\\/sv\\\/#\\\/schema\\\/person\\\/7dc387a6b27b651d87b4e7e21665f304\",\"name\":\"Inmocoches\",\"image\":{\"@type\":\"ImageObject\",\"inLanguage\":\"sv-SE\",\"@id\":\"https:\\\/\\\/secure.gravatar.com\\\/avatar\\\/46ed233da40dec2852f101ec89994d9fd8824ee2505dbaffb9f2918b3327ace1?s=96&d=mm&r=g\",\"url\":\"https:\\\/\\\/secure.gravatar.com\\\/avatar\\\/46ed233da40dec2852f101ec89994d9fd8824ee2505dbaffb9f2918b3327ace1?s=96&d=mm&r=g\",\"contentUrl\":\"https:\\\/\\\/secure.gravatar.com\\\/avatar\\\/46ed233da40dec2852f101ec89994d9fd8824ee2505dbaffb9f2918b3327ace1?s=96&d=mm&r=g\",\"caption\":\"Inmocoches\"},\"url\":\"https:\\\/\\\/www.inmocochescarhire.com\\\/sv\\\/author\\\/serafin\\\/\"}]}<\/script>\n<!-- \/ Yoast SEO plugin. -->","yoast_head_json":{"title":"Hyra 7-sitsig bil \u2013 vilken ska du v\u00e4lja? Citro\u00ebn C4 Picasso, SEAT Alhambra och Volkswagen Touran - Inmocoches","robots":{"index":"index","follow":"follow","max-snippet":"max-snippet:-1","max-image-preview":"max-image-preview:large","max-video-preview":"max-video-preview:-1"},"canonical":"https:\/\/www.inmocochescarhire.com\/sv\/hyra-7-sitsig-bil-vilken-ska-du-valja-citroen-c4-picasso-seat-alhambra-och-volkswagen-touran\/","og_locale":"sv_SE","og_type":"article","og_title":"Hyra 7-sitsig bil \u2013 vilken ska du v\u00e4lja? Citro\u00ebn C4 Picasso, SEAT Alhambra och Volkswagen Touran - Inmocoches","og_description":"N\u00e4r flera personer reser tillsammans p\u00e5 Costa del Sol kan en sjusitsig bil f\u00f6r\u00e4ndra hela reseupplevelsen. En stor familj, tv\u00e5 par som vill dela bil eller en grupp v\u00e4nner som planerar att uppt\u00e4cka Fuengirola, Marbella, M\u00e1laga, Mijas, Nerja eller byarna i inlandet kan st\u00e4llas inf\u00f6r ett mycket enkelt problem: sju personer beh\u00f6ver utrymme och dessutom...","og_url":"https:\/\/www.inmocochescarhire.com\/sv\/hyra-7-sitsig-bil-vilken-ska-du-valja-citroen-c4-picasso-seat-alhambra-och-volkswagen-touran\/","og_site_name":"Inmocoches","article_published_time":"2026-08-30T21:29:52+00:00","article_modified_time":"2026-08-30T21:36:41+00:00","og_image":[{"width":1248,"height":832,"url":"https:\/\/www.inmocochescarhire.com\/wp-content\/uploads\/2026\/08\/touran.jpg","type":"image\/jpeg"}],"author":"Inmocoches","twitter_card":"summary_large_image","twitter_misc":{"Skriven av":"Inmocoches","Ber\u00e4knad l\u00e4stid":"5 minuter"},"schema":{"@context":"https:\/\/schema.org","@graph":[{"@type":"Article","@id":"https:\/\/www.inmocochescarhire.com\/sv\/hyra-7-sitsig-bil-vilken-ska-du-valja-citroen-c4-picasso-seat-alhambra-och-volkswagen-touran\/#article","isPartOf":{"@id":"https:\/\/www.inmocochescarhire.com\/sv\/hyra-7-sitsig-bil-vilken-ska-du-valja-citroen-c4-picasso-seat-alhambra-och-volkswagen-touran\/"},"author":{"name":"Inmocoches","@id":"https:\/\/www.inmocochescarhire.com\/sv\/#\/schema\/person\/7dc387a6b27b651d87b4e7e21665f304"},"headline":"Hyra 7-sitsig bil \u2013 vilken ska du v\u00e4lja? Citro\u00ebn C4 Picasso, SEAT Alhambra och Volkswagen Touran","datePublished":"2026-08-30T21:29:52+00:00","dateModified":"2026-08-30T21:36:41+00:00","mainEntityOfPage":{"@id":"https:\/\/www.inmocochescarhire.com\/sv\/hyra-7-sitsig-bil-vilken-ska-du-valja-citroen-c4-picasso-seat-alhambra-och-volkswagen-touran\/"},"wordCount":1291,"image":{"@id":"https:\/\/www.inmocochescarhire.com\/sv\/hyra-7-sitsig-bil-vilken-ska-du-valja-citroen-c4-picasso-seat-alhambra-och-volkswagen-touran\/#primaryimage"},"thumbnailUrl":"https:\/\/www.inmocochescarhire.com\/wp-content\/uploads\/2026\/08\/touran.jpg","articleSection":["Inmocoches Car Hire"],"inLanguage":"sv-SE"},{"@type":"WebPage","@id":"https:\/\/www.inmocochescarhire.com\/sv\/hyra-7-sitsig-bil-vilken-ska-du-valja-citroen-c4-picasso-seat-alhambra-och-volkswagen-touran\/","url":"https:\/\/www.inmocochescarhire.com\/sv\/hyra-7-sitsig-bil-vilken-ska-du-valja-citroen-c4-picasso-seat-alhambra-och-volkswagen-touran\/","name":"Hyra 7-sitsig bil \u2013 vilken ska du v\u00e4lja? Citro\u00ebn C4 Picasso, SEAT Alhambra och Volkswagen Touran - Inmocoches","isPartOf":{"@id":"https:\/\/www.inmocochescarhire.com\/sv\/#website"},"primaryImageOfPage":{"@id":"https:\/\/www.inmocochescarhire.com\/sv\/hyra-7-sitsig-bil-vilken-ska-du-valja-citroen-c4-picasso-seat-alhambra-och-volkswagen-touran\/#primaryimage"},"image":{"@id":"https:\/\/www.inmocochescarhire.com\/sv\/hyra-7-sitsig-bil-vilken-ska-du-valja-citroen-c4-picasso-seat-alhambra-och-volkswagen-touran\/#primaryimage"},"thumbnailUrl":"https:\/\/www.inmocochescarhire.com\/wp-content\/uploads\/2026\/08\/touran.jpg","datePublished":"2026-08-30T21:29:52+00:00","dateModified":"2026-08-30T21:36:41+00:00","author":{"@id":"https:\/\/www.inmocochescarhire.com\/sv\/#\/schema\/person\/7dc387a6b27b651d87b4e7e21665f304"},"breadcrumb":{"@id":"https:\/\/www.inmocochescarhire.com\/sv\/hyra-7-sitsig-bil-vilken-ska-du-valja-citroen-c4-picasso-seat-alhambra-och-volkswagen-touran\/#breadcrumb"},"inLanguage":"sv-SE","potentialAction":[{"@type":"ReadAction","target":["https:\/\/www.inmocochescarhire.com\/sv\/hyra-7-sitsig-bil-vilken-ska-du-valja-citroen-c4-picasso-seat-alhambra-och-volkswagen-touran\/"]}]},{"@type":"ImageObject","inLanguage":"sv-SE","@id":"https:\/\/www.inmocochescarhire.com\/sv\/hyra-7-sitsig-bil-vilken-ska-du-valja-citroen-c4-picasso-seat-alhambra-och-volkswagen-touran\/#primaryimage","url":"https:\/\/www.inmocochescarhire.com\/wp-content\/uploads\/2026\/08\/touran.jpg","contentUrl":"https:\/\/www.inmocochescarhire.com\/wp-content\/uploads\/2026\/08\/touran.jpg","width":1248,"height":832},{"@type":"BreadcrumbList","@id":"https:\/\/www.inmocochescarhire.com\/sv\/hyra-7-sitsig-bil-vilken-ska-du-valja-citroen-c4-picasso-seat-alhambra-och-volkswagen-touran\/#breadcrumb","itemListElement":[{"@type":"ListItem","position":1,"name":"Portada","item":"https:\/\/www.inmocochescarhire.com\/sv\/"},{"@type":"ListItem","position":2,"name":"Hyra 7-sitsig bil \u2013 vilken ska du v\u00e4lja? Citro\u00ebn C4 Picasso, SEAT Alhambra och Volkswagen Touran"}]},{"@type":"WebSite","@id":"https:\/\/www.inmocochescarhire.com\/sv\/#website","url":"https:\/\/www.inmocochescarhire.com\/sv\/","name":"Inmocoches","description":"","potentialAction":[{"@type":"SearchAction","target":{"@type":"EntryPoint","urlTemplate":"https:\/\/www.inmocochescarhire.com\/sv\/?s={search_term_string}"},"query-input":{"@type":"PropertyValueSpecification","valueRequired":true,"valueName":"search_term_string"}}],"inLanguage":"sv-SE"},{"@type":"Person","@id":"https:\/\/www.inmocochescarhire.com\/sv\/#\/schema\/person\/7dc387a6b27b651d87b4e7e21665f304","name":"Inmocoches","image":{"@type":"ImageObject","inLanguage":"sv-SE","@id":"https:\/\/secure.gravatar.com\/avatar\/46ed233da40dec2852f101ec89994d9fd8824ee2505dbaffb9f2918b3327ace1?s=96&d=mm&r=g","url":"https:\/\/secure.gravatar.com\/avatar\/46ed233da40dec2852f101ec89994d9fd8824ee2505dbaffb9f2918b3327ace1?s=96&d=mm&r=g","contentUrl":"https:\/\/secure.gravatar.com\/avatar\/46ed233da40dec2852f101ec89994d9fd8824ee2505dbaffb9f2918b3327ace1?s=96&d=mm&r=g","caption":"Inmocoches"},"url":"https:\/\/www.inmocochescarhire.com\/sv\/author\/serafin\/"}]}},"_links":{"self":[{"href":"https:\/\/www.inmocochescarhire.com\/sv\/wp-json\/wp\/v2\/posts\/10095","targetHints":{"allow":["GET"]}}],"collection":[{"href":"https:\/\/www.inmocochescarhire.com\/sv\/wp-json\/wp\/v2\/posts"}],"about":[{"href":"https:\/\/www.inmocochescarhire.com\/sv\/wp-json\/wp\/v2\/types\/post"}],"author":[{"embeddable":true,"href":"https:\/\/www.inmocochescarhire.com\/sv\/wp-json\/wp\/v2\/users\/3"}],"replies":[{"embeddable":true,"href":"https:\/\/www.inmocochescarhire.com\/sv\/wp-json\/wp\/v2\/comments?post=10095"}],"version-history":[{"count":2,"href":"https:\/\/www.inmocochescarhire.com\/sv\/wp-json\/wp\/v2\/posts\/10095\/revisions"}],"predecessor-version":[{"id":10098,"href":"https:\/\/www.inmocochescarhire.com\/sv\/wp-json\/wp\/v2\/posts\/10095\/revisions\/10098"}],"wp:featuredmedia":[{"embeddable":true,"href":"https:\/\/www.inmocochescarhire.com\/sv\/wp-json\/wp\/v2\/media\/10086"}],"wp:attachment":[{"href":"https:\/\/www.inmocochescarhire.com\/sv\/wp-json\/wp\/v2\/media?parent=10095"}],"wp:term":[{"taxonomy":"category","embeddable":true,"href":"https:\/\/www.inmocochescarhire.com\/sv\/wp-json\/wp\/v2\/categories?post=10095"},{"taxonomy":"post_tag","embeddable":true,"href":"https:\/\/www.inmocochescarhire.com\/sv\/wp-json\/wp\/v2\/tags?post=10095"}],"curies":[{"name":"wp","href":"https:\/\/api.w.org\/{rel}","templated":true}]}}