{"id":9423,"date":"2026-04-27T01:19:38","date_gmt":"2026-04-26T23:19:38","guid":{"rendered":"https:\/\/www.inmocochescarhire.com\/?p=9423"},"modified":"2026-04-27T01:24:03","modified_gmt":"2026-04-26T23:24:03","slug":"ford-fiesta-vuokrattavaksi-fuengirolassa-ihanteellinen-lyhyille-matkoille","status":"publish","type":"post","link":"https:\/\/www.inmocochescarhire.com\/fi\/ford-fiesta-vuokrattavaksi-fuengirolassa-ihanteellinen-lyhyille-matkoille\/","title":{"rendered":"Ford Fiesta vuokrattavaksi Fuengirolassa, ihanteellinen lyhyille matkoille"},"content":{"rendered":"<p>Ford Fiesta on yksi niist\u00e4 autoista, joista on tullut l\u00e4hes luonnollinen n\u00e4ky Fuengirolan kaltaisissa kaupungeissa. Ei siksi, ett\u00e4 se olisi erityisen n\u00e4ytt\u00e4v\u00e4 tai poikkeuksellinen, vaan koska se sopii hyvin tietynlaiseen liikkumisen logiikkaan: kompakti koko, kohtuullinen polttoaineenkulutus ja helppo ajettavuus, joka ei vaadi totuttelua.<\/p>\n<p>Costa del Solin kaltaisessa ymp\u00e4rist\u00f6ss\u00e4, jossa yhdistyv\u00e4t kaupunkiliikenne, lyhyet siirtym\u00e4t kuntien v\u00e4lill\u00e4 ja runsas turistitiheys, t\u00e4m\u00e4n tyyppinen auto t\u00e4ytt\u00e4\u00e4 hyvin k\u00e4yt\u00e4nn\u00f6llisen teht\u00e4v\u00e4n. Sen tarkoitus ei ole tehd\u00e4 vaikutusta, vaan hoitaa p\u00e4ivitt\u00e4iset liikkumiset ilman monimutkaisuutta.<\/p>\n<h3>Auto, joka on suunniteltu liikkumaan vaivattomasti<\/h3>\n<p>Ford Fiesta erottuu ennen kaikkea ketteryydell\u00e4\u00e4n. Kapeilla kaduilla, hotellien pys\u00e4k\u00f6intialueilla tai vilkkailla turistialueilla sen koko helpottaa huomattavasti liikkumista ja pys\u00e4k\u00f6inti\u00e4. Se ei ole suuri auto, mutta ei my\u00f6sk\u00e4\u00e4n tunnu ep\u00e4varmalta maantiell\u00e4, mik\u00e4 tekee siit\u00e4 tasapainoisen vaihtoehdon erilaisille ajoreiteille.<\/p>\n<p>Toinen t\u00e4rke\u00e4 ominaisuus on ajomukavuus. Kyseess\u00e4 on ajoneuvo, joka ei vaadi totuttelua: kuka tahansa kuljettaja, vaikka ajokokemusta olisi v\u00e4h\u00e4n viime aikoina, voi tuntea olonsa mukavaksi muutamassa minuutissa. T\u00e4m\u00e4 on erityisen t\u00e4rke\u00e4\u00e4 vuokra-autossa, jonka on oltava helppok\u00e4ytt\u00f6inen heti alusta alkaen.<\/p>\n<h3>Kulutus ja tehokkuus turistialueella<\/h3>\n<p>Fuengirolassa ja sen ymp\u00e4rist\u00f6ss\u00e4 ajomatkat ovat yleens\u00e4 lyhyit\u00e4 mutta toistuvia. Useimmat matkailijat k\u00e4yv\u00e4t rannalla, siirtyv\u00e4t ravintoloiden v\u00e4lill\u00e4 tai tekev\u00e4t retki\u00e4 esimerkiksi Mijasiin, Marbellaan tai jopa M\u00e1lagaan. T\u00e4ss\u00e4 tilanteessa Ford Fiestan taloudellinen kulutus on selke\u00e4 etu.<\/p>\n<p>Se ei ole auto, joka on suunniteltu pitkiin ja nopeisiin matkoihin, vaan tehokkaaseen arkik\u00e4ytt\u00f6\u00f6n. T\u00e4m\u00e4 tekee vuokrauksen kokonaiskustannuksesta kohtuullisemman, kun k\u00e4ytt\u00f6 on p\u00e4\u00e4asiassa kaupunki- ja l\u00e4hialueajoa. T\u00e4st\u00e4 syyst\u00e4 Ford Fiestan vuokraaminen voi olla eritt\u00e4in hyv\u00e4 p\u00e4\u00e4t\u00f6s. <strong>Inmocoches Car Hire<\/strong> tarjoaa t\u00e4m\u00e4n Ford-mallin, mutta suosittelemme tarkistamaan saatavuuden suunnittelemillesi p\u00e4iville. Varausj\u00e4rjestelm\u00e4st\u00e4mme n\u00e4et reaaliaikaisesti saatavuuden sek\u00e4 hinnan. Voit tutustua palveluun osoitteessa <a href=\"https:\/\/booking.inmocochescarhire.com\/\">autonvuokraus Fuengirolassa<\/a>.<\/p>\n<h3>Konkreettiset edut Fuengirolassa<\/h3>\n<p>Ford Fiestan vuokraaminen t\u00e4ll\u00e4 alueella on j\u00e4rkev\u00e4\u00e4 useista k\u00e4yt\u00e4nn\u00f6n syist\u00e4.<\/p>\n<ul>\n<li>Ensimm\u00e4inen on pys\u00e4k\u00f6innin helppous. Sesonkiaikana vapaan paikan l\u00f6yt\u00e4minen voi olla vaikeaa, ja kompakti auto helpottaa t\u00e4t\u00e4 huomattavasti.<\/li>\n<li>Toinen on k\u00e4yt\u00f6n joustavuus. Autolla voi liikkua kaupungin keskustassa, mutta my\u00f6s siirty\u00e4 vaivattomasti l\u00e4hiteille ja moottoriteille. Se ei rajoita liikkumista yhteen k\u00e4ytt\u00f6tapaan.<\/li>\n<li>Kolmas on tasapaino hinnan ja k\u00e4yt\u00e4nn\u00f6llisyyden v\u00e4lill\u00e4. Vuokra-autojen markkinoilla se sijoittuu yleens\u00e4 edulliseen luokkaan, mik\u00e4 tekee siit\u00e4 hyv\u00e4n vaihtoehdon useamman p\u00e4iv\u00e4n tai viikon k\u00e4ytt\u00f6\u00f6n.<\/li>\n<\/ul>\n<h3>Huomaamaton mutta tehokas ajoneuvo<\/h3>\n<p>Ford Fiesta ei ole auto, joka her\u00e4tt\u00e4\u00e4 huomiota, ja juuri se on osa sen vahvuutta. Turistialueilla, kuten Costa del Solilla, monet vuokrausp\u00e4\u00e4t\u00f6kset perustuvat k\u00e4yt\u00e4nn\u00f6llisyyteen, ja t\u00e4m\u00e4 huomaamattomuus tuo mukavuutta.<\/p>\n<p>Auto ei vaadi monimutkaista suunnittelua k\u00e4yt\u00f6ss\u00e4. Se sopii sek\u00e4 kaupungissa liikkumiseen ett\u00e4 lyhyille retkille l\u00e4hialueilla.<\/p>\n<p>Ford Fiesta toimii hyvin Fuengirolassa, koska se sopii alueen liikkumistapaan: jatkuvaan, vaihtelevaan ja keskipitkiin et\u00e4isyyksiin. Se on auto, joka priorisoi k\u00e4yt\u00e4nn\u00f6llisyytt\u00e4 n\u00e4ytt\u00e4vyyden sijaan, ja vuokrausk\u00e4yt\u00f6ss\u00e4 juuri sit\u00e4 usein tarvitaan.<\/p>\n","protected":false},"excerpt":{"rendered":"<p>Ford Fiesta on yksi niist\u00e4 autoista, joista on tullut l\u00e4hes luonnollinen n\u00e4ky Fuengirolan kaltaisissa kaupungeissa. Ei siksi, ett\u00e4 se olisi erityisen n\u00e4ytt\u00e4v\u00e4 tai poikkeuksellinen, vaan koska se sopii hyvin tietynlaiseen liikkumisen logiikkaan: kompakti koko, kohtuullinen polttoaineenkulutus ja helppo ajettavuus, joka ei vaadi totuttelua. Costa del Solin kaltaisessa ymp\u00e4rist\u00f6ss\u00e4, jossa yhdistyv\u00e4t kaupunkiliikenne, lyhyet siirtym\u00e4t kuntien v\u00e4lill\u00e4&#8230;<\/p>\n","protected":false},"author":3,"featured_media":9416,"comment_status":"closed","ping_status":"closed","sticky":false,"template":"","format":"standard","meta":{"_crdt_document":"","_joinchat":[],"footnotes":""},"categories":[173],"tags":[],"class_list":["post-9423","post","type-post","status-publish","format-standard","has-post-thumbnail","hentry","category-pienten-autojen-vuokraus"],"yoast_head":"<!-- This site is optimized with the Yoast SEO plugin v27.4 - https:\/\/yoast.com\/product\/yoast-seo-wordpress\/ -->\n<title>Ford Fiesta vuokrattavaksi Fuengirolassa, ihanteellinen lyhyille matkoille - Inmocoches<\/title>\n<meta name=\"robots\" content=\"index, follow, max-snippet:-1, max-image-preview:large, max-video-preview:-1\" \/>\n<link rel=\"canonical\" href=\"https:\/\/www.inmocochescarhire.com\/fi\/ford-fiesta-vuokrattavaksi-fuengirolassa-ihanteellinen-lyhyille-matkoille\/\" \/>\n<meta property=\"og:locale\" content=\"fi_FI\" \/>\n<meta property=\"og:type\" content=\"article\" \/>\n<meta property=\"og:title\" content=\"Ford Fiesta vuokrattavaksi Fuengirolassa, ihanteellinen lyhyille matkoille - Inmocoches\" \/>\n<meta property=\"og:description\" content=\"Ford Fiesta on yksi niist\u00e4 autoista, joista on tullut l\u00e4hes luonnollinen n\u00e4ky Fuengirolan kaltaisissa kaupungeissa. Ei siksi, ett\u00e4 se olisi erityisen n\u00e4ytt\u00e4v\u00e4 tai poikkeuksellinen, vaan koska se sopii hyvin tietynlaiseen liikkumisen logiikkaan: kompakti koko, kohtuullinen polttoaineenkulutus ja helppo ajettavuus, joka ei vaadi totuttelua. Costa del Solin kaltaisessa ymp\u00e4rist\u00f6ss\u00e4, jossa yhdistyv\u00e4t kaupunkiliikenne, lyhyet siirtym\u00e4t kuntien v\u00e4lill\u00e4...\" \/>\n<meta property=\"og:url\" content=\"https:\/\/www.inmocochescarhire.com\/fi\/ford-fiesta-vuokrattavaksi-fuengirolassa-ihanteellinen-lyhyille-matkoille\/\" \/>\n<meta property=\"og:site_name\" content=\"Inmocoches\" \/>\n<meta property=\"article:published_time\" content=\"2026-04-26T23:19:38+00:00\" \/>\n<meta property=\"article:modified_time\" content=\"2026-04-26T23:24:03+00:00\" \/>\n<meta property=\"og:image\" content=\"https:\/\/www.inmocochescarhire.com\/wp-content\/uploads\/2026\/04\/fordfiesta-fuengirola.jpg\" \/>\n\t<meta property=\"og:image:width\" content=\"1200\" \/>\n\t<meta property=\"og:image:height\" content=\"843\" \/>\n\t<meta property=\"og:image:type\" content=\"image\/jpeg\" \/>\n<meta name=\"author\" content=\"Inmocoches\" \/>\n<meta name=\"twitter:card\" content=\"summary_large_image\" \/>\n<meta name=\"twitter:label1\" content=\"Kirjoittanut\" \/>\n\t<meta name=\"twitter:data1\" content=\"Inmocoches\" \/>\n\t<meta name=\"twitter:label2\" content=\"Arvioitu lukuaika\" \/>\n\t<meta name=\"twitter:data2\" content=\"3 minuuttia\" \/>\n<script type=\"application\/ld+json\" class=\"yoast-schema-graph\">{\"@context\":\"https:\\\/\\\/schema.org\",\"@graph\":[{\"@type\":\"Article\",\"@id\":\"https:\\\/\\\/www.inmocochescarhire.com\\\/fi\\\/ford-fiesta-vuokrattavaksi-fuengirolassa-ihanteellinen-lyhyille-matkoille\\\/#article\",\"isPartOf\":{\"@id\":\"https:\\\/\\\/www.inmocochescarhire.com\\\/fi\\\/ford-fiesta-vuokrattavaksi-fuengirolassa-ihanteellinen-lyhyille-matkoille\\\/\"},\"author\":{\"name\":\"Inmocoches\",\"@id\":\"https:\\\/\\\/www.inmocochescarhire.com\\\/fi\\\/#\\\/schema\\\/person\\\/7dc387a6b27b651d87b4e7e21665f304\"},\"headline\":\"Ford Fiesta vuokrattavaksi Fuengirolassa, ihanteellinen lyhyille matkoille\",\"datePublished\":\"2026-04-26T23:19:38+00:00\",\"dateModified\":\"2026-04-26T23:24:03+00:00\",\"mainEntityOfPage\":{\"@id\":\"https:\\\/\\\/www.inmocochescarhire.com\\\/fi\\\/ford-fiesta-vuokrattavaksi-fuengirolassa-ihanteellinen-lyhyille-matkoille\\\/\"},\"wordCount\":523,\"image\":{\"@id\":\"https:\\\/\\\/www.inmocochescarhire.com\\\/fi\\\/ford-fiesta-vuokrattavaksi-fuengirolassa-ihanteellinen-lyhyille-matkoille\\\/#primaryimage\"},\"thumbnailUrl\":\"https:\\\/\\\/www.inmocochescarhire.com\\\/wp-content\\\/uploads\\\/2026\\\/04\\\/fordfiesta-fuengirola.jpg\",\"articleSection\":[\"Pienten autojen vuokraus\"],\"inLanguage\":\"fi\"},{\"@type\":\"WebPage\",\"@id\":\"https:\\\/\\\/www.inmocochescarhire.com\\\/fi\\\/ford-fiesta-vuokrattavaksi-fuengirolassa-ihanteellinen-lyhyille-matkoille\\\/\",\"url\":\"https:\\\/\\\/www.inmocochescarhire.com\\\/fi\\\/ford-fiesta-vuokrattavaksi-fuengirolassa-ihanteellinen-lyhyille-matkoille\\\/\",\"name\":\"Ford Fiesta vuokrattavaksi Fuengirolassa, ihanteellinen lyhyille matkoille - Inmocoches\",\"isPartOf\":{\"@id\":\"https:\\\/\\\/www.inmocochescarhire.com\\\/fi\\\/#website\"},\"primaryImageOfPage\":{\"@id\":\"https:\\\/\\\/www.inmocochescarhire.com\\\/fi\\\/ford-fiesta-vuokrattavaksi-fuengirolassa-ihanteellinen-lyhyille-matkoille\\\/#primaryimage\"},\"image\":{\"@id\":\"https:\\\/\\\/www.inmocochescarhire.com\\\/fi\\\/ford-fiesta-vuokrattavaksi-fuengirolassa-ihanteellinen-lyhyille-matkoille\\\/#primaryimage\"},\"thumbnailUrl\":\"https:\\\/\\\/www.inmocochescarhire.com\\\/wp-content\\\/uploads\\\/2026\\\/04\\\/fordfiesta-fuengirola.jpg\",\"datePublished\":\"2026-04-26T23:19:38+00:00\",\"dateModified\":\"2026-04-26T23:24:03+00:00\",\"author\":{\"@id\":\"https:\\\/\\\/www.inmocochescarhire.com\\\/fi\\\/#\\\/schema\\\/person\\\/7dc387a6b27b651d87b4e7e21665f304\"},\"breadcrumb\":{\"@id\":\"https:\\\/\\\/www.inmocochescarhire.com\\\/fi\\\/ford-fiesta-vuokrattavaksi-fuengirolassa-ihanteellinen-lyhyille-matkoille\\\/#breadcrumb\"},\"inLanguage\":\"fi\",\"potentialAction\":[{\"@type\":\"ReadAction\",\"target\":[\"https:\\\/\\\/www.inmocochescarhire.com\\\/fi\\\/ford-fiesta-vuokrattavaksi-fuengirolassa-ihanteellinen-lyhyille-matkoille\\\/\"]}]},{\"@type\":\"ImageObject\",\"inLanguage\":\"fi\",\"@id\":\"https:\\\/\\\/www.inmocochescarhire.com\\\/fi\\\/ford-fiesta-vuokrattavaksi-fuengirolassa-ihanteellinen-lyhyille-matkoille\\\/#primaryimage\",\"url\":\"https:\\\/\\\/www.inmocochescarhire.com\\\/wp-content\\\/uploads\\\/2026\\\/04\\\/fordfiesta-fuengirola.jpg\",\"contentUrl\":\"https:\\\/\\\/www.inmocochescarhire.com\\\/wp-content\\\/uploads\\\/2026\\\/04\\\/fordfiesta-fuengirola.jpg\",\"width\":1200,\"height\":843},{\"@type\":\"BreadcrumbList\",\"@id\":\"https:\\\/\\\/www.inmocochescarhire.com\\\/fi\\\/ford-fiesta-vuokrattavaksi-fuengirolassa-ihanteellinen-lyhyille-matkoille\\\/#breadcrumb\",\"itemListElement\":[{\"@type\":\"ListItem\",\"position\":1,\"name\":\"Portada\",\"item\":\"https:\\\/\\\/www.inmocochescarhire.com\\\/fi\\\/\"},{\"@type\":\"ListItem\",\"position\":2,\"name\":\"Ford Fiesta vuokrattavaksi Fuengirolassa, ihanteellinen lyhyille matkoille\"}]},{\"@type\":\"WebSite\",\"@id\":\"https:\\\/\\\/www.inmocochescarhire.com\\\/fi\\\/#website\",\"url\":\"https:\\\/\\\/www.inmocochescarhire.com\\\/fi\\\/\",\"name\":\"Inmocoches\",\"description\":\"\",\"potentialAction\":[{\"@type\":\"SearchAction\",\"target\":{\"@type\":\"EntryPoint\",\"urlTemplate\":\"https:\\\/\\\/www.inmocochescarhire.com\\\/fi\\\/?s={search_term_string}\"},\"query-input\":{\"@type\":\"PropertyValueSpecification\",\"valueRequired\":true,\"valueName\":\"search_term_string\"}}],\"inLanguage\":\"fi\"},{\"@type\":\"Person\",\"@id\":\"https:\\\/\\\/www.inmocochescarhire.com\\\/fi\\\/#\\\/schema\\\/person\\\/7dc387a6b27b651d87b4e7e21665f304\",\"name\":\"Inmocoches\",\"image\":{\"@type\":\"ImageObject\",\"inLanguage\":\"fi\",\"@id\":\"https:\\\/\\\/secure.gravatar.com\\\/avatar\\\/46ed233da40dec2852f101ec89994d9fd8824ee2505dbaffb9f2918b3327ace1?s=96&d=mm&r=g\",\"url\":\"https:\\\/\\\/secure.gravatar.com\\\/avatar\\\/46ed233da40dec2852f101ec89994d9fd8824ee2505dbaffb9f2918b3327ace1?s=96&d=mm&r=g\",\"contentUrl\":\"https:\\\/\\\/secure.gravatar.com\\\/avatar\\\/46ed233da40dec2852f101ec89994d9fd8824ee2505dbaffb9f2918b3327ace1?s=96&d=mm&r=g\",\"caption\":\"Inmocoches\"},\"url\":\"https:\\\/\\\/www.inmocochescarhire.com\\\/fi\\\/author\\\/serafin\\\/\"}]}<\/script>\n<!-- \/ Yoast SEO plugin. -->","yoast_head_json":{"title":"Ford Fiesta vuokrattavaksi Fuengirolassa, ihanteellinen lyhyille matkoille - Inmocoches","robots":{"index":"index","follow":"follow","max-snippet":"max-snippet:-1","max-image-preview":"max-image-preview:large","max-video-preview":"max-video-preview:-1"},"canonical":"https:\/\/www.inmocochescarhire.com\/fi\/ford-fiesta-vuokrattavaksi-fuengirolassa-ihanteellinen-lyhyille-matkoille\/","og_locale":"fi_FI","og_type":"article","og_title":"Ford Fiesta vuokrattavaksi Fuengirolassa, ihanteellinen lyhyille matkoille - Inmocoches","og_description":"Ford Fiesta on yksi niist\u00e4 autoista, joista on tullut l\u00e4hes luonnollinen n\u00e4ky Fuengirolan kaltaisissa kaupungeissa. Ei siksi, ett\u00e4 se olisi erityisen n\u00e4ytt\u00e4v\u00e4 tai poikkeuksellinen, vaan koska se sopii hyvin tietynlaiseen liikkumisen logiikkaan: kompakti koko, kohtuullinen polttoaineenkulutus ja helppo ajettavuus, joka ei vaadi totuttelua. Costa del Solin kaltaisessa ymp\u00e4rist\u00f6ss\u00e4, jossa yhdistyv\u00e4t kaupunkiliikenne, lyhyet siirtym\u00e4t kuntien v\u00e4lill\u00e4...","og_url":"https:\/\/www.inmocochescarhire.com\/fi\/ford-fiesta-vuokrattavaksi-fuengirolassa-ihanteellinen-lyhyille-matkoille\/","og_site_name":"Inmocoches","article_published_time":"2026-04-26T23:19:38+00:00","article_modified_time":"2026-04-26T23:24:03+00:00","og_image":[{"width":1200,"height":843,"url":"https:\/\/www.inmocochescarhire.com\/wp-content\/uploads\/2026\/04\/fordfiesta-fuengirola.jpg","type":"image\/jpeg"}],"author":"Inmocoches","twitter_card":"summary_large_image","twitter_misc":{"Kirjoittanut":"Inmocoches","Arvioitu lukuaika":"3 minuuttia"},"schema":{"@context":"https:\/\/schema.org","@graph":[{"@type":"Article","@id":"https:\/\/www.inmocochescarhire.com\/fi\/ford-fiesta-vuokrattavaksi-fuengirolassa-ihanteellinen-lyhyille-matkoille\/#article","isPartOf":{"@id":"https:\/\/www.inmocochescarhire.com\/fi\/ford-fiesta-vuokrattavaksi-fuengirolassa-ihanteellinen-lyhyille-matkoille\/"},"author":{"name":"Inmocoches","@id":"https:\/\/www.inmocochescarhire.com\/fi\/#\/schema\/person\/7dc387a6b27b651d87b4e7e21665f304"},"headline":"Ford Fiesta vuokrattavaksi Fuengirolassa, ihanteellinen lyhyille matkoille","datePublished":"2026-04-26T23:19:38+00:00","dateModified":"2026-04-26T23:24:03+00:00","mainEntityOfPage":{"@id":"https:\/\/www.inmocochescarhire.com\/fi\/ford-fiesta-vuokrattavaksi-fuengirolassa-ihanteellinen-lyhyille-matkoille\/"},"wordCount":523,"image":{"@id":"https:\/\/www.inmocochescarhire.com\/fi\/ford-fiesta-vuokrattavaksi-fuengirolassa-ihanteellinen-lyhyille-matkoille\/#primaryimage"},"thumbnailUrl":"https:\/\/www.inmocochescarhire.com\/wp-content\/uploads\/2026\/04\/fordfiesta-fuengirola.jpg","articleSection":["Pienten autojen vuokraus"],"inLanguage":"fi"},{"@type":"WebPage","@id":"https:\/\/www.inmocochescarhire.com\/fi\/ford-fiesta-vuokrattavaksi-fuengirolassa-ihanteellinen-lyhyille-matkoille\/","url":"https:\/\/www.inmocochescarhire.com\/fi\/ford-fiesta-vuokrattavaksi-fuengirolassa-ihanteellinen-lyhyille-matkoille\/","name":"Ford Fiesta vuokrattavaksi Fuengirolassa, ihanteellinen lyhyille matkoille - Inmocoches","isPartOf":{"@id":"https:\/\/www.inmocochescarhire.com\/fi\/#website"},"primaryImageOfPage":{"@id":"https:\/\/www.inmocochescarhire.com\/fi\/ford-fiesta-vuokrattavaksi-fuengirolassa-ihanteellinen-lyhyille-matkoille\/#primaryimage"},"image":{"@id":"https:\/\/www.inmocochescarhire.com\/fi\/ford-fiesta-vuokrattavaksi-fuengirolassa-ihanteellinen-lyhyille-matkoille\/#primaryimage"},"thumbnailUrl":"https:\/\/www.inmocochescarhire.com\/wp-content\/uploads\/2026\/04\/fordfiesta-fuengirola.jpg","datePublished":"2026-04-26T23:19:38+00:00","dateModified":"2026-04-26T23:24:03+00:00","author":{"@id":"https:\/\/www.inmocochescarhire.com\/fi\/#\/schema\/person\/7dc387a6b27b651d87b4e7e21665f304"},"breadcrumb":{"@id":"https:\/\/www.inmocochescarhire.com\/fi\/ford-fiesta-vuokrattavaksi-fuengirolassa-ihanteellinen-lyhyille-matkoille\/#breadcrumb"},"inLanguage":"fi","potentialAction":[{"@type":"ReadAction","target":["https:\/\/www.inmocochescarhire.com\/fi\/ford-fiesta-vuokrattavaksi-fuengirolassa-ihanteellinen-lyhyille-matkoille\/"]}]},{"@type":"ImageObject","inLanguage":"fi","@id":"https:\/\/www.inmocochescarhire.com\/fi\/ford-fiesta-vuokrattavaksi-fuengirolassa-ihanteellinen-lyhyille-matkoille\/#primaryimage","url":"https:\/\/www.inmocochescarhire.com\/wp-content\/uploads\/2026\/04\/fordfiesta-fuengirola.jpg","contentUrl":"https:\/\/www.inmocochescarhire.com\/wp-content\/uploads\/2026\/04\/fordfiesta-fuengirola.jpg","width":1200,"height":843},{"@type":"BreadcrumbList","@id":"https:\/\/www.inmocochescarhire.com\/fi\/ford-fiesta-vuokrattavaksi-fuengirolassa-ihanteellinen-lyhyille-matkoille\/#breadcrumb","itemListElement":[{"@type":"ListItem","position":1,"name":"Portada","item":"https:\/\/www.inmocochescarhire.com\/fi\/"},{"@type":"ListItem","position":2,"name":"Ford Fiesta vuokrattavaksi Fuengirolassa, ihanteellinen lyhyille matkoille"}]},{"@type":"WebSite","@id":"https:\/\/www.inmocochescarhire.com\/fi\/#website","url":"https:\/\/www.inmocochescarhire.com\/fi\/","name":"Inmocoches","description":"","potentialAction":[{"@type":"SearchAction","target":{"@type":"EntryPoint","urlTemplate":"https:\/\/www.inmocochescarhire.com\/fi\/?s={search_term_string}"},"query-input":{"@type":"PropertyValueSpecification","valueRequired":true,"valueName":"search_term_string"}}],"inLanguage":"fi"},{"@type":"Person","@id":"https:\/\/www.inmocochescarhire.com\/fi\/#\/schema\/person\/7dc387a6b27b651d87b4e7e21665f304","name":"Inmocoches","image":{"@type":"ImageObject","inLanguage":"fi","@id":"https:\/\/secure.gravatar.com\/avatar\/46ed233da40dec2852f101ec89994d9fd8824ee2505dbaffb9f2918b3327ace1?s=96&d=mm&r=g","url":"https:\/\/secure.gravatar.com\/avatar\/46ed233da40dec2852f101ec89994d9fd8824ee2505dbaffb9f2918b3327ace1?s=96&d=mm&r=g","contentUrl":"https:\/\/secure.gravatar.com\/avatar\/46ed233da40dec2852f101ec89994d9fd8824ee2505dbaffb9f2918b3327ace1?s=96&d=mm&r=g","caption":"Inmocoches"},"url":"https:\/\/www.inmocochescarhire.com\/fi\/author\/serafin\/"}]}},"_links":{"self":[{"href":"https:\/\/www.inmocochescarhire.com\/fi\/wp-json\/wp\/v2\/posts\/9423","targetHints":{"allow":["GET"]}}],"collection":[{"href":"https:\/\/www.inmocochescarhire.com\/fi\/wp-json\/wp\/v2\/posts"}],"about":[{"href":"https:\/\/www.inmocochescarhire.com\/fi\/wp-json\/wp\/v2\/types\/post"}],"author":[{"embeddable":true,"href":"https:\/\/www.inmocochescarhire.com\/fi\/wp-json\/wp\/v2\/users\/3"}],"replies":[{"embeddable":true,"href":"https:\/\/www.inmocochescarhire.com\/fi\/wp-json\/wp\/v2\/comments?post=9423"}],"version-history":[{"count":1,"href":"https:\/\/www.inmocochescarhire.com\/fi\/wp-json\/wp\/v2\/posts\/9423\/revisions"}],"predecessor-version":[{"id":9424,"href":"https:\/\/www.inmocochescarhire.com\/fi\/wp-json\/wp\/v2\/posts\/9423\/revisions\/9424"}],"wp:featuredmedia":[{"embeddable":true,"href":"https:\/\/www.inmocochescarhire.com\/fi\/wp-json\/wp\/v2\/media\/9416"}],"wp:attachment":[{"href":"https:\/\/www.inmocochescarhire.com\/fi\/wp-json\/wp\/v2\/media?parent=9423"}],"wp:term":[{"taxonomy":"category","embeddable":true,"href":"https:\/\/www.inmocochescarhire.com\/fi\/wp-json\/wp\/v2\/categories?post=9423"},{"taxonomy":"post_tag","embeddable":true,"href":"https:\/\/www.inmocochescarhire.com\/fi\/wp-json\/wp\/v2\/tags?post=9423"}],"curies":[{"name":"wp","href":"https:\/\/api.w.org\/{rel}","templated":true}]}}