{"id":9159,"date":"2026-03-14T02:08:30","date_gmt":"2026-03-14T00:08:30","guid":{"rendered":"https:\/\/www.inmocochescarhire.com\/?p=9159"},"modified":"2026-03-14T13:16:30","modified_gmt":"2026-03-14T11:16:30","slug":"autonvuokraus-fuengirolassa-paasiaiseksi-2026","status":"publish","type":"post","link":"https:\/\/www.inmocochescarhire.com\/fi\/autonvuokraus-fuengirolassa-paasiaiseksi-2026\/","title":{"rendered":"Autonvuokraus Fuengirolassa p\u00e4\u00e4si\u00e4iseksi 2026"},"content":{"rendered":"<p>P\u00e4\u00e4si\u00e4isviikko on yksi Andalusian kalenterin t\u00e4rkeimmist\u00e4 juhlista. N\u00e4iden p\u00e4ivien aikana <strong>kaupungit ja kyl\u00e4t koko alueella t\u00e4yttyv\u00e4t kulkueista, soittokunnista, costalerojen kantamista uskonnollisista kulkuevaunuista sek\u00e4 tuhansista ihmisist\u00e4, jotka l\u00e4htev\u00e4t kaduille<\/strong> kokemaan perinteen, joka on syv\u00e4sti juurtunut paikalliseen kulttuuriin.<\/p>\n<p>Monille vierailijoille p\u00e4\u00e4si\u00e4isviikon n\u00e4keminen Andalusiassa on ainutlaatuinen kokemus. Se ei ole pelk\u00e4st\u00e4\u00e4n uskonnollinen tapahtuma, vaan my\u00f6s kulttuurinen ja sosiaalinen ilmi\u00f6, joka yhdist\u00e4\u00e4 historiaa, taidetta, hartautta ja yhteis\u00f6llist\u00e4 el\u00e4m\u00e4\u00e4. Monissa kaupungeissa jokaisella kaupunginosalla on oma veljeskuntansa, ja jokainen kulkue koetaan suurella tunteella.<\/p>\n<p>M\u00e1lagan maakunta ei ole poikkeus. Kaupungit ja paikkakunnat kuten M\u00e1laga, Benalm\u00e1dena, Torremolinos tai Fuengirola viett\u00e4v\u00e4t p\u00e4\u00e4si\u00e4isviikkoa kulkueilla, jotka houkuttelevat sek\u00e4 paikallisia asukkaita ett\u00e4 turisteja monista eri maista. Fuengirolassa veljeskunnat j\u00e4rjest\u00e4v\u00e4t viikon aikana useita kulkueita, joissa lukuisat kulkuevaunut ja veljeskunnat kulkevat kaupungin p\u00e4\u00e4katujen l\u00e4pi.<\/p>\n<h2>P\u00e4\u00e4si\u00e4isviikko Fuengirolassa meren \u00e4\u00e4rell\u00e4<\/h2>\n<p><strong>Fuengirolan p\u00e4\u00e4si\u00e4isviikolla<\/strong> on erityinen luonne, sill\u00e4 se yhdist\u00e4\u00e4 uskonnollisen perinteen Costa del Solin vilkkaaseen matkailuilmapiiriin. Toisin kuin monissa sis\u00e4maan kaupungeissa, monet kulkueet kulkevat t\u00e4\u00e4ll\u00e4 l\u00e4hell\u00e4 rantapromenadia tai el\u00e4v\u00e4isten keskustakatujen kautta.<\/p>\n<p>N\u00e4in\u00e4 p\u00e4ivin\u00e4 asukkaat ja vierailijat voivat seurata p\u00e4\u00e4si\u00e4isviikkoon osallistuvia veljeskuntia, kun ne l\u00e4htev\u00e4t kirkoistaan kulkuevaunujen kanssa, joita seuraavat <strong>nazarenot, kulkuemusiikki ja parvekkeilta spontaanisti lauletut saetat<\/strong>.<\/p>\n<p>Samaan aikaan kaupunki tarjoaa eritt\u00e4in miellytt\u00e4v\u00e4n ilmapiirin k\u00e4velyyn, paikallisen gastronomian nauttimiseen tai yksinkertaisesti rentoutumiseen terasseilla. P\u00e4\u00e4si\u00e4isviikko osuu my\u00f6s samaan aikaan ensimm\u00e4isten p\u00e4ivien kanssa, jolloin monet turistit alkavat nauttia rannasta ja leudosta kev\u00e4ts\u00e4\u00e4st\u00e4.<\/p>\n<p>T\u00e4m\u00e4 perinteen ja vapaa-ajan yhdistelm\u00e4 tekee Fuengirolasta eritt\u00e4in houkuttelevan matkakohteen t\u00e4h\u00e4n vuodenaikaan.<\/p>\n<h2>Kev\u00e4inen ilmasto, yleens\u00e4 hyv\u00e4\u00e4 s\u00e4\u00e4t\u00e4 mutta sateen mahdollisuus<\/h2>\n<p>P\u00e4\u00e4si\u00e4isviikko sijoittuu tavallisesti maaliskuun lopun ja huhtikuun v\u00e4lille, aikaan jolloin Costa del Solin ilmasto on yleens\u00e4 leuto ja miellytt\u00e4v\u00e4. P\u00e4iv\u00e4l\u00e4mp\u00f6tilat vaihtelevat usein 18 ja 24 celsiusasteen v\u00e4lill\u00e4, mik\u00e4 mahdollistaa ulkoilun sek\u00e4 k\u00e4velyretket kaupungissa.<\/p>\n<p>On kuitenkin my\u00f6s tavallista, ett\u00e4 t\u00e4n\u00e4 aikana esiintyy joitakin sadep\u00e4ivi\u00e4. Itse asiassa sateen mahdollisuus on l\u00e4hes osa Andalusian p\u00e4\u00e4si\u00e4isviikon perinnett\u00e4, sill\u00e4 monet kulkueet riippuvat s\u00e4\u00e4st\u00e4 toteutuakseen.<\/p>\n<p>T\u00e4m\u00e4n vuoksi monet vierailijat haluavat suunnitella matkansa joustavasti, jotta he voivat hy\u00f6dynt\u00e4\u00e4 aurinkoisempia p\u00e4ivi\u00e4 tai matkustaa l\u00e4hialueille, jos s\u00e4\u00e4 muuttuu.<\/p>\n<h2>Liikkumisen merkitys n\u00e4in\u00e4 p\u00e4ivin\u00e4<\/h2>\n<p>P\u00e4\u00e4si\u00e4isviikon aikana Costa del Sol vastaanottaa suuren m\u00e4\u00e4r\u00e4n vierailijoita. Monet heist\u00e4 majoittuvat Fuengirolassa, mutta haluavat my\u00f6s tutustua muihin l\u00e4hist\u00f6n paikkakuntiin.<\/p>\n<p>T\u00e4st\u00e4 kaupungista on eritt\u00e4in helppo matkustaa muihin mielenkiintoisiin kohteisiin, kuten:<\/p>\n<ul>\n<li><strong>M\u00e1lagan kaupunkiin<\/strong>, jossa j\u00e4rjestet\u00e4\u00e4n joitakin Espanjan kuuluisimmista p\u00e4\u00e4si\u00e4iskulkueista.<\/li>\n<li><strong>Benalm\u00e1denaan<\/strong> ja sen vanhaankaupunkiin.<\/li>\n<li><strong>Mijas Puebloon<\/strong>, joka on yksi maakunnan kauneimmista valkoisista kylist\u00e4.<\/li>\n<li><strong>Marbellaan ja Puerto Ban\u00fasiin<\/strong>.<\/li>\n<li><strong>Torremolinokseen<\/strong> ja sen rannoille.<\/li>\n<\/ul>\n<p>Vaikka julkinen liikenne yhdist\u00e4\u00e4 joitakin n\u00e4ist\u00e4 paikoista, lomakausien aikana se voi olla rajoitetumpaa tai hyvin ruuhkaista.<\/p>\n<p>T\u00e4st\u00e4 syyst\u00e4 vuokra-auto on yksi mukavimmista tavoista liikkua vapaasti koko alueella.<\/p>\n<p><img loading=\"lazy\" decoding=\"async\" src=\"https:\/\/www.inmocochescarhire.com\/wp-content\/uploads\/2023\/02\/oficina1.jpg\" alt=\"\" width=\"1080\" height=\"665\" \/><\/p>\n<h2>Vuokra-auton edut Fuengirolassa<\/h2>\n<p>Vuokra-auto p\u00e4\u00e4si\u00e4isviikon aikana tarjoaa monia etuja Costa del Solilla vieraileville matkailijoille.<\/p>\n<p>Ensinn\u00e4kin se antaa mahdollisuuden j\u00e4rjest\u00e4\u00e4 matkan t\u00e4ysin vapaasti ilman riippuvuutta junien tai bussien aikatauluista. T\u00e4m\u00e4 on erityisen hy\u00f6dyllist\u00e4, jos haluat n\u00e4hd\u00e4 kulkueita, jotka j\u00e4rjestet\u00e4\u00e4n illalla, tai jos haluat vierailla useissa kaupungeissa saman p\u00e4iv\u00e4n aikana.<\/p>\n<p>Lis\u00e4ksi auto helpottaa p\u00e4\u00e4sy\u00e4 paikkoihin, jotka eiv\u00e4t aina ole hyvin saavutettavissa julkisilla kulkuv\u00e4lineill\u00e4, kuten n\u00e4k\u00f6alapaikoille, rauhallisille rannoille tai sis\u00e4maan kyliin.<\/p>\n<p>Se on my\u00f6s eritt\u00e4in k\u00e4yt\u00e4nn\u00f6llinen vaihtoehto perheille tai yst\u00e4v\u00e4ryhmille, sill\u00e4 kaikki voivat matkustaa yhdess\u00e4 ja kuljettaa mukavasti matkatavaroita, ostoksia tai rantavarusteita.<\/p>\n<p>Inmocoches Car Hire tarjoaa ajoneuvoja erilaisille matkailijoille, pienist\u00e4 kaupunkiajoon sopivista autoista suurempiin malleihin maakunnassa teht\u00e4vi\u00e4 retki\u00e4 varten. Voit nyt tutustua <a href=\"https:\/\/www.inmocochescarhire.com\/fi\/laivasto\/\">vuokra-autovalikoimaamme Fuengirolassa<\/a>. Jos sinulla on kysytt\u00e4v\u00e4\u00e4, voit soittaa meille tai vierailla jommassakummassa <a href=\"https:\/\/www.inmocochescarhire.com\/fi\/#sijainnit\">vuokra-autotoimistossamme Fuengirolassa<\/a>.<\/p>\n<h2>Vinkkej\u00e4 kulkueista nauttimiseen<\/h2>\n<p>Jos vierailet Fuengirolassa p\u00e4\u00e4si\u00e4isviikon aikana, muutamat vinkit voivat auttaa sinua nauttimaan kulkueista viel\u00e4 enemm\u00e4n.<\/p>\n<p>Yksi t\u00e4rkeimmist\u00e4 on <strong>saapua ajoissa<\/strong>. Keskustan vilkkaimmilla kaduilla ker\u00e4\u00e4ntyy yleens\u00e4 suuria ihmisjoukkoja, erityisesti kiirastorstain ja pitk\u00e4perjantain kulkueiden aikana.<\/p>\n<p>On my\u00f6s suositeltavaa <strong>tarkistaa veljeskuntien reitit etuk\u00e4teen<\/strong>, jotta voit valita parhaan paikan kulkueen seuraamiseen. Joskus hieman kauemmas aivan keskustasta siirtyminen mahdollistaa kulkueen seuraamisen mukavammin.<\/p>\n<p>Toinen hy\u00f6dyllinen vinkki on yhdist\u00e4\u00e4 kulkueiden seuraaminen hetkiin, jolloin voi <strong>lev\u00e4ht\u00e4\u00e4 l\u00e4heisill\u00e4 terasseilla tai ravintoloissa<\/strong>. Paikallinen gastronomia, kuten paistettu kala tai hiiligrilliss\u00e4 valmistetut sardiinivartaat, on my\u00f6s osa Costa del Solin kokemusta.<\/p>\n<p><img loading=\"lazy\" decoding=\"async\" src=\"https:\/\/www.inmocochescarhire.com\/wp-content\/uploads\/2026\/03\/semanasanta.jpg\" alt=\"\" width=\"1280\" height=\"851\" \/><\/p>\n<h2>Mit\u00e4 n\u00e4hd\u00e4 ja tehd\u00e4 l\u00e4hist\u00f6ll\u00e4 p\u00e4\u00e4si\u00e4isviikon 2026 aikana<\/h2>\n<p>Kulkueiden lis\u00e4ksi Fuengirolassa n\u00e4in\u00e4 p\u00e4ivin\u00e4 majoittuvat vierailijat voivat k\u00e4ytt\u00e4\u00e4 vuokra-autoa tutustuakseen muihin eritt\u00e4in mielenkiintoisiin paikkoihin.<\/p>\n<p>Yksi suositelluimmista kohteista on <strong>Mijas Pueblo<\/strong>, joka sijaitsee vain muutaman kilometrin p\u00e4\u00e4ss\u00e4 ja on kuuluisa valkoisista kaduistaan, n\u00e4k\u00f6alapaikoistaan ja perinteisest\u00e4 andalusialaisesta tunnelmastaan.<\/p>\n<p>Kannattaa my\u00f6s vierailla <strong>M\u00e1lagan kaupungissa<\/strong>. Sen historiallinen keskusta, Picasso-museo, Alcazaba ja satama tarjoavat laajan valikoiman kulttuurisia ja gastronomisia el\u00e4myksi\u00e4.<\/p>\n<p>Toinen suosittu vaihtoehto on matkustaa rannikkoa pitkin kohti <strong>Marbellaa tai Esteponaa<\/strong>, joista l\u00f6ytyy rantoja, huvivenesatamia ja ravintoloita merin\u00e4k\u00f6alalla.<\/p>\n<p>On my\u00f6s mahdollista j\u00e4rjest\u00e4\u00e4 p\u00e4iv\u00e4retki\u00e4 hieman kauempana sijaitseviin paikkoihin, kuten <strong>Rondaan tai Caminito del Reyhin<\/strong>, jotka ovat kaksi maakunnan vaikuttavimmista kohteista.<\/p>\n<h2>Vuokra-auto Costa del Solin tutkimiseen t\u00e4ydellisess\u00e4 vapaudessa<\/h2>\n<p>P\u00e4\u00e4si\u00e4isviikko on yksi vuoden parhaista ajoista tutustua Fuengirolaan ja sen ymp\u00e4rist\u00f6\u00f6n. Kev\u00e4inen ilmasto, kulkueiden kulttuurinen rikkaus ja monien kiinnostavien paikkojen l\u00e4heisyys tekev\u00e4t n\u00e4ist\u00e4 p\u00e4ivist\u00e4 ihanteellisia matkustamiseen.<\/p>\n<p>Vuokra-auto antaa mahdollisuuden hy\u00f6dynt\u00e4\u00e4 vierailu t\u00e4ysim\u00e4\u00e4r\u00e4isesti, tutkia Costa del Solia mukavasti ja mukauttaa suunnitelmia joka p\u00e4iv\u00e4. <strong>Inmocoches Car Hire tarjoaa autonvuokrauspalveluja Fuengirolassa<\/strong> ja l\u00e4hikaupungeissa. Jos haluat n\u00e4hd\u00e4, mit\u00e4 ajoneuvoja on saatavilla matkustusp\u00e4ivillesi ja tarkistaa hinnat, voit vierailla <a href=\"https:\/\/booking.inmocochescarhire.com\/\">autonvarausalueellamme<\/a>, jossa n\u00e4m\u00e4 tiedot pidet\u00e4\u00e4n aina ajan tasalla.<\/p>\n<p>Halusitpa seurata kulkueita eri kaupungeissa, tutkia valkoisia kyli\u00e4 tai nauttia kev\u00e4isist\u00e4 rannoista, oma ajoneuvo helpottaa p\u00e4\u00e4si\u00e4isviikon muuttamista t\u00e4ydelliseksi ja unohtumattomaksi kokemukseksi.<\/p>\n","protected":false},"excerpt":{"rendered":"<p>P\u00e4\u00e4si\u00e4isviikko on yksi Andalusian kalenterin t\u00e4rkeimmist\u00e4 juhlista. N\u00e4iden p\u00e4ivien aikana kaupungit ja kyl\u00e4t koko alueella t\u00e4yttyv\u00e4t kulkueista, soittokunnista, costalerojen kantamista uskonnollisista kulkuevaunuista sek\u00e4 tuhansista ihmisist\u00e4, jotka l\u00e4htev\u00e4t kaduille kokemaan perinteen, joka on syv\u00e4sti juurtunut paikalliseen kulttuuriin. Monille vierailijoille p\u00e4\u00e4si\u00e4isviikon n\u00e4keminen Andalusiassa on ainutlaatuinen kokemus. Se ei ole pelk\u00e4st\u00e4\u00e4n uskonnollinen tapahtuma, vaan my\u00f6s kulttuurinen ja sosiaalinen&#8230;<\/p>\n","protected":false},"author":3,"featured_media":9140,"comment_status":"closed","ping_status":"closed","sticky":false,"template":"","format":"standard","meta":{"_crdt_document":"","_joinchat":[],"footnotes":""},"categories":[169],"tags":[],"class_list":["post-9159","post","type-post","status-publish","format-standard","has-post-thumbnail","hentry","category-autonvuokraus-fuengirolassa-paasiaiseksi"],"yoast_head":"<!-- This site is optimized with the Yoast SEO plugin v27.5 - https:\/\/yoast.com\/product\/yoast-seo-wordpress\/ -->\n<title>Autonvuokraus Fuengirolassa p\u00e4\u00e4si\u00e4iseksi 2026 - Inmocoches<\/title>\n<meta name=\"robots\" content=\"index, follow, max-snippet:-1, max-image-preview:large, max-video-preview:-1\" \/>\n<link rel=\"canonical\" href=\"https:\/\/www.inmocochescarhire.com\/fi\/autonvuokraus-fuengirolassa-paasiaiseksi-2026\/\" \/>\n<meta property=\"og:locale\" content=\"fi_FI\" \/>\n<meta property=\"og:type\" content=\"article\" \/>\n<meta property=\"og:title\" content=\"Autonvuokraus Fuengirolassa p\u00e4\u00e4si\u00e4iseksi 2026 - Inmocoches\" \/>\n<meta property=\"og:description\" content=\"P\u00e4\u00e4si\u00e4isviikko on yksi Andalusian kalenterin t\u00e4rkeimmist\u00e4 juhlista. N\u00e4iden p\u00e4ivien aikana kaupungit ja kyl\u00e4t koko alueella t\u00e4yttyv\u00e4t kulkueista, soittokunnista, costalerojen kantamista uskonnollisista kulkuevaunuista sek\u00e4 tuhansista ihmisist\u00e4, jotka l\u00e4htev\u00e4t kaduille kokemaan perinteen, joka on syv\u00e4sti juurtunut paikalliseen kulttuuriin. Monille vierailijoille p\u00e4\u00e4si\u00e4isviikon n\u00e4keminen Andalusiassa on ainutlaatuinen kokemus. Se ei ole pelk\u00e4st\u00e4\u00e4n uskonnollinen tapahtuma, vaan my\u00f6s kulttuurinen ja sosiaalinen...\" \/>\n<meta property=\"og:url\" content=\"https:\/\/www.inmocochescarhire.com\/fi\/autonvuokraus-fuengirolassa-paasiaiseksi-2026\/\" \/>\n<meta property=\"og:site_name\" content=\"Inmocoches\" \/>\n<meta property=\"article:published_time\" content=\"2026-03-14T00:08:30+00:00\" \/>\n<meta property=\"article:modified_time\" content=\"2026-03-14T11:16:30+00:00\" \/>\n<meta property=\"og:image\" content=\"https:\/\/www.inmocochescarhire.com\/wp-content\/uploads\/2026\/03\/alquiler-fuengirola-scaled.jpg\" \/>\n\t<meta property=\"og:image:width\" content=\"1920\" \/>\n\t<meta property=\"og:image:height\" content=\"1006\" \/>\n\t<meta property=\"og:image:type\" content=\"image\/jpeg\" \/>\n<meta name=\"author\" content=\"Inmocoches\" \/>\n<meta name=\"twitter:card\" content=\"summary_large_image\" \/>\n<meta name=\"twitter:label1\" content=\"Kirjoittanut\" \/>\n\t<meta name=\"twitter:data1\" content=\"Inmocoches\" \/>\n\t<meta name=\"twitter:label2\" content=\"Arvioitu lukuaika\" \/>\n\t<meta name=\"twitter:data2\" content=\"5 minuuttia\" \/>\n<script type=\"application\/ld+json\" class=\"yoast-schema-graph\">{\"@context\":\"https:\\\/\\\/schema.org\",\"@graph\":[{\"@type\":\"Article\",\"@id\":\"https:\\\/\\\/www.inmocochescarhire.com\\\/fi\\\/autonvuokraus-fuengirolassa-paasiaiseksi-2026\\\/#article\",\"isPartOf\":{\"@id\":\"https:\\\/\\\/www.inmocochescarhire.com\\\/fi\\\/autonvuokraus-fuengirolassa-paasiaiseksi-2026\\\/\"},\"author\":{\"name\":\"Inmocoches\",\"@id\":\"https:\\\/\\\/www.inmocochescarhire.com\\\/fi\\\/#\\\/schema\\\/person\\\/7dc387a6b27b651d87b4e7e21665f304\"},\"headline\":\"Autonvuokraus Fuengirolassa p\u00e4\u00e4si\u00e4iseksi 2026\",\"datePublished\":\"2026-03-14T00:08:30+00:00\",\"dateModified\":\"2026-03-14T11:16:30+00:00\",\"mainEntityOfPage\":{\"@id\":\"https:\\\/\\\/www.inmocochescarhire.com\\\/fi\\\/autonvuokraus-fuengirolassa-paasiaiseksi-2026\\\/\"},\"wordCount\":1009,\"image\":{\"@id\":\"https:\\\/\\\/www.inmocochescarhire.com\\\/fi\\\/autonvuokraus-fuengirolassa-paasiaiseksi-2026\\\/#primaryimage\"},\"thumbnailUrl\":\"https:\\\/\\\/www.inmocochescarhire.com\\\/wp-content\\\/uploads\\\/2026\\\/03\\\/alquiler-fuengirola-scaled.jpg\",\"articleSection\":[\"Autonvuokraus Fuengirolassa p\u00e4\u00e4si\u00e4iseksi\"],\"inLanguage\":\"fi\"},{\"@type\":\"WebPage\",\"@id\":\"https:\\\/\\\/www.inmocochescarhire.com\\\/fi\\\/autonvuokraus-fuengirolassa-paasiaiseksi-2026\\\/\",\"url\":\"https:\\\/\\\/www.inmocochescarhire.com\\\/fi\\\/autonvuokraus-fuengirolassa-paasiaiseksi-2026\\\/\",\"name\":\"Autonvuokraus Fuengirolassa p\u00e4\u00e4si\u00e4iseksi 2026 - Inmocoches\",\"isPartOf\":{\"@id\":\"https:\\\/\\\/www.inmocochescarhire.com\\\/fi\\\/#website\"},\"primaryImageOfPage\":{\"@id\":\"https:\\\/\\\/www.inmocochescarhire.com\\\/fi\\\/autonvuokraus-fuengirolassa-paasiaiseksi-2026\\\/#primaryimage\"},\"image\":{\"@id\":\"https:\\\/\\\/www.inmocochescarhire.com\\\/fi\\\/autonvuokraus-fuengirolassa-paasiaiseksi-2026\\\/#primaryimage\"},\"thumbnailUrl\":\"https:\\\/\\\/www.inmocochescarhire.com\\\/wp-content\\\/uploads\\\/2026\\\/03\\\/alquiler-fuengirola-scaled.jpg\",\"datePublished\":\"2026-03-14T00:08:30+00:00\",\"dateModified\":\"2026-03-14T11:16:30+00:00\",\"author\":{\"@id\":\"https:\\\/\\\/www.inmocochescarhire.com\\\/fi\\\/#\\\/schema\\\/person\\\/7dc387a6b27b651d87b4e7e21665f304\"},\"breadcrumb\":{\"@id\":\"https:\\\/\\\/www.inmocochescarhire.com\\\/fi\\\/autonvuokraus-fuengirolassa-paasiaiseksi-2026\\\/#breadcrumb\"},\"inLanguage\":\"fi\",\"potentialAction\":[{\"@type\":\"ReadAction\",\"target\":[\"https:\\\/\\\/www.inmocochescarhire.com\\\/fi\\\/autonvuokraus-fuengirolassa-paasiaiseksi-2026\\\/\"]}]},{\"@type\":\"ImageObject\",\"inLanguage\":\"fi\",\"@id\":\"https:\\\/\\\/www.inmocochescarhire.com\\\/fi\\\/autonvuokraus-fuengirolassa-paasiaiseksi-2026\\\/#primaryimage\",\"url\":\"https:\\\/\\\/www.inmocochescarhire.com\\\/wp-content\\\/uploads\\\/2026\\\/03\\\/alquiler-fuengirola-scaled.jpg\",\"contentUrl\":\"https:\\\/\\\/www.inmocochescarhire.com\\\/wp-content\\\/uploads\\\/2026\\\/03\\\/alquiler-fuengirola-scaled.jpg\",\"width\":1920,\"height\":1006},{\"@type\":\"BreadcrumbList\",\"@id\":\"https:\\\/\\\/www.inmocochescarhire.com\\\/fi\\\/autonvuokraus-fuengirolassa-paasiaiseksi-2026\\\/#breadcrumb\",\"itemListElement\":[{\"@type\":\"ListItem\",\"position\":1,\"name\":\"Portada\",\"item\":\"https:\\\/\\\/www.inmocochescarhire.com\\\/fi\\\/\"},{\"@type\":\"ListItem\",\"position\":2,\"name\":\"Autonvuokraus Fuengirolassa p\u00e4\u00e4si\u00e4iseksi 2026\"}]},{\"@type\":\"WebSite\",\"@id\":\"https:\\\/\\\/www.inmocochescarhire.com\\\/fi\\\/#website\",\"url\":\"https:\\\/\\\/www.inmocochescarhire.com\\\/fi\\\/\",\"name\":\"Inmocoches\",\"description\":\"\",\"potentialAction\":[{\"@type\":\"SearchAction\",\"target\":{\"@type\":\"EntryPoint\",\"urlTemplate\":\"https:\\\/\\\/www.inmocochescarhire.com\\\/fi\\\/?s={search_term_string}\"},\"query-input\":{\"@type\":\"PropertyValueSpecification\",\"valueRequired\":true,\"valueName\":\"search_term_string\"}}],\"inLanguage\":\"fi\"},{\"@type\":\"Person\",\"@id\":\"https:\\\/\\\/www.inmocochescarhire.com\\\/fi\\\/#\\\/schema\\\/person\\\/7dc387a6b27b651d87b4e7e21665f304\",\"name\":\"Inmocoches\",\"image\":{\"@type\":\"ImageObject\",\"inLanguage\":\"fi\",\"@id\":\"https:\\\/\\\/secure.gravatar.com\\\/avatar\\\/46ed233da40dec2852f101ec89994d9fd8824ee2505dbaffb9f2918b3327ace1?s=96&d=mm&r=g\",\"url\":\"https:\\\/\\\/secure.gravatar.com\\\/avatar\\\/46ed233da40dec2852f101ec89994d9fd8824ee2505dbaffb9f2918b3327ace1?s=96&d=mm&r=g\",\"contentUrl\":\"https:\\\/\\\/secure.gravatar.com\\\/avatar\\\/46ed233da40dec2852f101ec89994d9fd8824ee2505dbaffb9f2918b3327ace1?s=96&d=mm&r=g\",\"caption\":\"Inmocoches\"},\"url\":\"https:\\\/\\\/www.inmocochescarhire.com\\\/fi\\\/author\\\/serafin\\\/\"}]}<\/script>\n<!-- \/ Yoast SEO plugin. -->","yoast_head_json":{"title":"Autonvuokraus Fuengirolassa p\u00e4\u00e4si\u00e4iseksi 2026 - Inmocoches","robots":{"index":"index","follow":"follow","max-snippet":"max-snippet:-1","max-image-preview":"max-image-preview:large","max-video-preview":"max-video-preview:-1"},"canonical":"https:\/\/www.inmocochescarhire.com\/fi\/autonvuokraus-fuengirolassa-paasiaiseksi-2026\/","og_locale":"fi_FI","og_type":"article","og_title":"Autonvuokraus Fuengirolassa p\u00e4\u00e4si\u00e4iseksi 2026 - Inmocoches","og_description":"P\u00e4\u00e4si\u00e4isviikko on yksi Andalusian kalenterin t\u00e4rkeimmist\u00e4 juhlista. N\u00e4iden p\u00e4ivien aikana kaupungit ja kyl\u00e4t koko alueella t\u00e4yttyv\u00e4t kulkueista, soittokunnista, costalerojen kantamista uskonnollisista kulkuevaunuista sek\u00e4 tuhansista ihmisist\u00e4, jotka l\u00e4htev\u00e4t kaduille kokemaan perinteen, joka on syv\u00e4sti juurtunut paikalliseen kulttuuriin. Monille vierailijoille p\u00e4\u00e4si\u00e4isviikon n\u00e4keminen Andalusiassa on ainutlaatuinen kokemus. Se ei ole pelk\u00e4st\u00e4\u00e4n uskonnollinen tapahtuma, vaan my\u00f6s kulttuurinen ja sosiaalinen...","og_url":"https:\/\/www.inmocochescarhire.com\/fi\/autonvuokraus-fuengirolassa-paasiaiseksi-2026\/","og_site_name":"Inmocoches","article_published_time":"2026-03-14T00:08:30+00:00","article_modified_time":"2026-03-14T11:16:30+00:00","og_image":[{"width":1920,"height":1006,"url":"https:\/\/www.inmocochescarhire.com\/wp-content\/uploads\/2026\/03\/alquiler-fuengirola-scaled.jpg","type":"image\/jpeg"}],"author":"Inmocoches","twitter_card":"summary_large_image","twitter_misc":{"Kirjoittanut":"Inmocoches","Arvioitu lukuaika":"5 minuuttia"},"schema":{"@context":"https:\/\/schema.org","@graph":[{"@type":"Article","@id":"https:\/\/www.inmocochescarhire.com\/fi\/autonvuokraus-fuengirolassa-paasiaiseksi-2026\/#article","isPartOf":{"@id":"https:\/\/www.inmocochescarhire.com\/fi\/autonvuokraus-fuengirolassa-paasiaiseksi-2026\/"},"author":{"name":"Inmocoches","@id":"https:\/\/www.inmocochescarhire.com\/fi\/#\/schema\/person\/7dc387a6b27b651d87b4e7e21665f304"},"headline":"Autonvuokraus Fuengirolassa p\u00e4\u00e4si\u00e4iseksi 2026","datePublished":"2026-03-14T00:08:30+00:00","dateModified":"2026-03-14T11:16:30+00:00","mainEntityOfPage":{"@id":"https:\/\/www.inmocochescarhire.com\/fi\/autonvuokraus-fuengirolassa-paasiaiseksi-2026\/"},"wordCount":1009,"image":{"@id":"https:\/\/www.inmocochescarhire.com\/fi\/autonvuokraus-fuengirolassa-paasiaiseksi-2026\/#primaryimage"},"thumbnailUrl":"https:\/\/www.inmocochescarhire.com\/wp-content\/uploads\/2026\/03\/alquiler-fuengirola-scaled.jpg","articleSection":["Autonvuokraus Fuengirolassa p\u00e4\u00e4si\u00e4iseksi"],"inLanguage":"fi"},{"@type":"WebPage","@id":"https:\/\/www.inmocochescarhire.com\/fi\/autonvuokraus-fuengirolassa-paasiaiseksi-2026\/","url":"https:\/\/www.inmocochescarhire.com\/fi\/autonvuokraus-fuengirolassa-paasiaiseksi-2026\/","name":"Autonvuokraus Fuengirolassa p\u00e4\u00e4si\u00e4iseksi 2026 - Inmocoches","isPartOf":{"@id":"https:\/\/www.inmocochescarhire.com\/fi\/#website"},"primaryImageOfPage":{"@id":"https:\/\/www.inmocochescarhire.com\/fi\/autonvuokraus-fuengirolassa-paasiaiseksi-2026\/#primaryimage"},"image":{"@id":"https:\/\/www.inmocochescarhire.com\/fi\/autonvuokraus-fuengirolassa-paasiaiseksi-2026\/#primaryimage"},"thumbnailUrl":"https:\/\/www.inmocochescarhire.com\/wp-content\/uploads\/2026\/03\/alquiler-fuengirola-scaled.jpg","datePublished":"2026-03-14T00:08:30+00:00","dateModified":"2026-03-14T11:16:30+00:00","author":{"@id":"https:\/\/www.inmocochescarhire.com\/fi\/#\/schema\/person\/7dc387a6b27b651d87b4e7e21665f304"},"breadcrumb":{"@id":"https:\/\/www.inmocochescarhire.com\/fi\/autonvuokraus-fuengirolassa-paasiaiseksi-2026\/#breadcrumb"},"inLanguage":"fi","potentialAction":[{"@type":"ReadAction","target":["https:\/\/www.inmocochescarhire.com\/fi\/autonvuokraus-fuengirolassa-paasiaiseksi-2026\/"]}]},{"@type":"ImageObject","inLanguage":"fi","@id":"https:\/\/www.inmocochescarhire.com\/fi\/autonvuokraus-fuengirolassa-paasiaiseksi-2026\/#primaryimage","url":"https:\/\/www.inmocochescarhire.com\/wp-content\/uploads\/2026\/03\/alquiler-fuengirola-scaled.jpg","contentUrl":"https:\/\/www.inmocochescarhire.com\/wp-content\/uploads\/2026\/03\/alquiler-fuengirola-scaled.jpg","width":1920,"height":1006},{"@type":"BreadcrumbList","@id":"https:\/\/www.inmocochescarhire.com\/fi\/autonvuokraus-fuengirolassa-paasiaiseksi-2026\/#breadcrumb","itemListElement":[{"@type":"ListItem","position":1,"name":"Portada","item":"https:\/\/www.inmocochescarhire.com\/fi\/"},{"@type":"ListItem","position":2,"name":"Autonvuokraus Fuengirolassa p\u00e4\u00e4si\u00e4iseksi 2026"}]},{"@type":"WebSite","@id":"https:\/\/www.inmocochescarhire.com\/fi\/#website","url":"https:\/\/www.inmocochescarhire.com\/fi\/","name":"Inmocoches","description":"","potentialAction":[{"@type":"SearchAction","target":{"@type":"EntryPoint","urlTemplate":"https:\/\/www.inmocochescarhire.com\/fi\/?s={search_term_string}"},"query-input":{"@type":"PropertyValueSpecification","valueRequired":true,"valueName":"search_term_string"}}],"inLanguage":"fi"},{"@type":"Person","@id":"https:\/\/www.inmocochescarhire.com\/fi\/#\/schema\/person\/7dc387a6b27b651d87b4e7e21665f304","name":"Inmocoches","image":{"@type":"ImageObject","inLanguage":"fi","@id":"https:\/\/secure.gravatar.com\/avatar\/46ed233da40dec2852f101ec89994d9fd8824ee2505dbaffb9f2918b3327ace1?s=96&d=mm&r=g","url":"https:\/\/secure.gravatar.com\/avatar\/46ed233da40dec2852f101ec89994d9fd8824ee2505dbaffb9f2918b3327ace1?s=96&d=mm&r=g","contentUrl":"https:\/\/secure.gravatar.com\/avatar\/46ed233da40dec2852f101ec89994d9fd8824ee2505dbaffb9f2918b3327ace1?s=96&d=mm&r=g","caption":"Inmocoches"},"url":"https:\/\/www.inmocochescarhire.com\/fi\/author\/serafin\/"}]}},"_links":{"self":[{"href":"https:\/\/www.inmocochescarhire.com\/fi\/wp-json\/wp\/v2\/posts\/9159","targetHints":{"allow":["GET"]}}],"collection":[{"href":"https:\/\/www.inmocochescarhire.com\/fi\/wp-json\/wp\/v2\/posts"}],"about":[{"href":"https:\/\/www.inmocochescarhire.com\/fi\/wp-json\/wp\/v2\/types\/post"}],"author":[{"embeddable":true,"href":"https:\/\/www.inmocochescarhire.com\/fi\/wp-json\/wp\/v2\/users\/3"}],"replies":[{"embeddable":true,"href":"https:\/\/www.inmocochescarhire.com\/fi\/wp-json\/wp\/v2\/comments?post=9159"}],"version-history":[{"count":2,"href":"https:\/\/www.inmocochescarhire.com\/fi\/wp-json\/wp\/v2\/posts\/9159\/revisions"}],"predecessor-version":[{"id":9165,"href":"https:\/\/www.inmocochescarhire.com\/fi\/wp-json\/wp\/v2\/posts\/9159\/revisions\/9165"}],"wp:featuredmedia":[{"embeddable":true,"href":"https:\/\/www.inmocochescarhire.com\/fi\/wp-json\/wp\/v2\/media\/9140"}],"wp:attachment":[{"href":"https:\/\/www.inmocochescarhire.com\/fi\/wp-json\/wp\/v2\/media?parent=9159"}],"wp:term":[{"taxonomy":"category","embeddable":true,"href":"https:\/\/www.inmocochescarhire.com\/fi\/wp-json\/wp\/v2\/categories?post=9159"},{"taxonomy":"post_tag","embeddable":true,"href":"https:\/\/www.inmocochescarhire.com\/fi\/wp-json\/wp\/v2\/tags?post=9159"}],"curies":[{"name":"wp","href":"https:\/\/api.w.org\/{rel}","templated":true}]}}