{"id":10093,"date":"2026-08-30T23:29:52","date_gmt":"2026-08-30T21:29:52","guid":{"rendered":"https:\/\/www.inmocochescarhire.com\/?p=10093"},"modified":"2026-08-30T23:37:44","modified_gmt":"2026-08-30T21:37:44","slug":"7-paikkaisen-auton-vuokraus-minka-valita-citroen-c4-picasso-seat-alhambra-ja-volkswagen-touran","status":"publish","type":"post","link":"https:\/\/www.inmocochescarhire.com\/fi\/7-paikkaisen-auton-vuokraus-minka-valita-citroen-c4-picasso-seat-alhambra-ja-volkswagen-touran\/","title":{"rendered":"7-paikkaisen auton vuokraus \u2013 mink\u00e4 valita? Citro\u00ebn C4 Picasso, SEAT Alhambra ja Volkswagen Touran"},"content":{"rendered":"<p>Kun useampi ihminen matkustaa yhdess\u00e4 Costa del Solilla, seitsem\u00e4npaikkaisen auton vuokraaminen voi muuttaa matkakokemuksen t\u00e4ysin. Suuri perhe, kaksi pariskuntaa, jotka haluavat jakaa saman auton, tai yst\u00e4v\u00e4ryhm\u00e4, joka suunnittelee tutustuvansa Fuengirolaan, Marbellaan, M\u00e1lagaan, Mijasiin, Nerjaan tai sis\u00e4maan kyliin, voi t\u00f6rm\u00e4t\u00e4 hyvin yksinkertaiseen ongelmaan: seitsem\u00e4n ihmist\u00e4 tarvitsee tilaa ja lis\u00e4ksi kaikille on oltava tilaa matkatavaroille. Ongelman ratkaiseminen kahdella autolla tarkoittaa ryhm\u00e4n jakamista, kahden kuljettajan koordinoimista ja kahden auton kustannusten ja k\u00e4yt\u00e4nn\u00f6n j\u00e4rjestelyjen hoitamista. Seitsem\u00e4npaikkainen tila-auto puolestaan mahdollistaa sen, ett\u00e4 kaikki matkustavat yhdess\u00e4 koko matkan ajan.<\/p>\n<p>7-paikkaisen auton vuokraaminen on erityisen kiinnostavaa silloin, kun tarkoituksena ei ole ainoastaan siirty\u00e4 lentokent\u00e4lt\u00e4 majoituspaikkaan, vaan k\u00e4ytt\u00e4\u00e4 autoa useiden p\u00e4ivien ajan Costa del Soliin tutustumiseen. Mahdollisuus l\u00e4hte\u00e4 liikkeelle milloin haluaa, pys\u00e4hty\u00e4 rannalle, vierailla sis\u00e4maan kyl\u00e4ss\u00e4 tai muuttaa suunnitelmia matkan aikana on erityisen arvokasta ryhm\u00e4ss\u00e4 matkustettaessa. Tavalliseen viiden hengen henkil\u00f6autoon verrattuna kaksi lis\u00e4paikkaa tarjoavat huomattavasti mukavamman ratkaisun tietyille perheille ja ryhmille.<\/p>\n<p>On kuitenkin t\u00e4rke\u00e4\u00e4 muistaa, ett\u00e4 <strong>kaikki seitsem\u00e4npaikkaiset autot eiv\u00e4t ole samanlaisia<\/strong>. T\u00e4m\u00e4 on asia, joka j\u00e4\u00e4 joskus pelk\u00e4n istuinm\u00e4\u00e4r\u00e4n varjoon. Autossa voi olla seitsem\u00e4n istuinta, mutta se voi silti olla suunniteltu ensisijaisesti kuuden tai seitsem\u00e4n henkil\u00f6n kuljettamiseen vain satunnaisesti. Toisessa autossa kolmas istuinrivi voi olla huomattavasti k\u00e4ytt\u00f6kelpoisempi ja koko auto on voitu suunnitella alusta l\u00e4htien suureksi perheautoksi. My\u00f6s k\u00e4ytett\u00e4viss\u00e4 olevan tavaratilan m\u00e4\u00e4r\u00e4 vaihtelee merkitt\u00e4v\u00e4sti silloin, kun kaikki seitsem\u00e4n istuinta ovat k\u00e4yt\u00f6ss\u00e4.<\/p>\n<p>Inmocoches Car Hirella Fuengirolassa meill\u00e4 on kolme mallia, joiden avulla t\u00e4t\u00e4 valintaa voidaan tarkastella eri n\u00e4k\u00f6kulmista: <strong>Citro\u00ebn C4 Picasso, SEAT Alhambra ja Volkswagen Touran<\/strong>. Kaikki kolme kuuluvat seitsem\u00e4npaikkaisten tila-autojen luokkaan, mutta niiden mitat, sis\u00e4tilojen j\u00e4rjestely ja k\u00e4ytt\u00f6tarkoitus eiv\u00e4t ole t\u00e4ysin samanlaisia.<\/p>\n<h3>Citro\u00ebn C4 Picasso. Mukavuus ja muunneltavuus<\/h3>\n<p>Citro\u00ebn C4 Picasso erottuu seitsem\u00e4npaikkaisessa kokoonpanossaan sis\u00e4tiloilla, jotka on suunniteltu matkustajien mukavuutta ajatellen. Toisella istuinrivill\u00e4 on kolme erillist\u00e4 istuinta, joita voidaan siirt\u00e4\u00e4 ja s\u00e4\u00e4t\u00e4\u00e4. N\u00e4in sis\u00e4tilaa voidaan jakaa ryhm\u00e4n tarpeiden mukaan. T\u00e4m\u00e4 muunneltavuus on erityisen hy\u00f6dyllist\u00e4 silloin, kun kaikki matkustajat eiv\u00e4t tarvitse t\u00e4sm\u00e4lleen yht\u00e4 paljon tilaa.<\/p>\n<p>C4 Picasson luonne on selv\u00e4sti perheautomainen. Valoisa matkustamo, ajoasento ja mukavuuteen painottuva rakenne tekev\u00e4t siit\u00e4 miellytt\u00e4v\u00e4n pidemmill\u00e4 matkoilla. Se on erityisen kiinnostava vaihtoehto niille, jotka suunnittelevat retki\u00e4 autolla ja arvostavat rauhallista ja mukavaa matkantekoa.<\/p>\n<p>Kun kaikki seitsem\u00e4n istuinta ovat k\u00e4yt\u00f6ss\u00e4, matkatavaroiden m\u00e4\u00e4r\u00e4 on luonnollisesti otettava huomioon. Kolmas istuinrivi vie osan takatiloista, eik\u00e4 t\u00e4m\u00e4n kokoiselta tila-autolta voida odottaa samanlaista tavaratilaa kuin viiden matkustajan kokoonpanossa. Kun takaistuimia ei kuitenkaan tarvita, muunneltava sis\u00e4tila mahdollistaa huomattavan lis\u00e4tilan saamisen tavaroille.<\/p>\n<h3>SEAT Alhambra. Erityisesti matkustajien kuljettamiseen suunniteltu<\/h3>\n<p>SEAT Alhambra kuuluu hieman eri luokkaan. Se on huomattavasti suurempi tila-auto, ja sen t\u00e4rkein vahvuus on juuri sis\u00e4tilojen m\u00e4\u00e4r\u00e4. Noin 4,85 metrin pituudellaan se on selv\u00e4sti suurempi kuin esimerkiksi C4 Picasso tai Touran.<\/p>\n<p>T\u00e4m\u00e4 n\u00e4kyy erityisesti silloin, kun autossa matkustaa todella seitsem\u00e4n henkil\u00f6\u00e4. Suurempi pituus ja leveys tarjoavat tilavamman matkustamon ja tekev\u00e4t kahdesta takimmaisesta istuimesta huomattavasti k\u00e4ytt\u00f6kelpoisempia. Liukuovet takana ovat lis\u00e4ksi k\u00e4yt\u00e4nn\u00f6llinen etu ahtaissa pys\u00e4k\u00f6intipaikoissa, mik\u00e4 voi olla erityisen hy\u00f6dyllist\u00e4 kaupunkialueilla ja vilkkailla pys\u00e4k\u00f6intialueilla.<\/p>\n<p>Alhambra onkin todenn\u00e4k\u00f6isesti loogisin valinta silloin, kun etusijalla on <strong>seitsem\u00e4n henkil\u00f6n kuljettaminen mahdollisimman tilavasti<\/strong>. Se on my\u00f6s erityisen houkutteleva vaihtoehto lapsiperheille, jotka tarvitsevat tilaa lastenistuimille, matkatavaroille ja muille tavaroille ilman, ett\u00e4 auton sis\u00e4tilojen j\u00e4rjest\u00e4misest\u00e4 tulee jatkuvaa tilanpuutteen kanssa kamppailua.<\/p>\n<h3>Volkswagen Touran. Tasapaino koon ja k\u00e4yt\u00e4nn\u00f6llisyyden v\u00e4lill\u00e4<\/h3>\n<p>Volkswagen Touran sijoittuu n\u00e4iden kahden vaihtoehdon v\u00e4liin. Se on Alhambraa kompaktimpi, mutta tarjoaa eritt\u00e4in k\u00e4yt\u00e4nn\u00f6llisen seitsem\u00e4npaikkaisen kokoonpanon ja korin, jota on helpompi k\u00e4sitell\u00e4 kaupungissa ja kapeammilla teill\u00e4.<\/p>\n<p>Sen t\u00e4rkein etu on tasapaino. Seitsem\u00e4\u00e4 istuinta voidaan k\u00e4ytt\u00e4\u00e4 silloin, kun niit\u00e4 tarvitaan, ilman ett\u00e4 tarvitsee valita yht\u00e4 suurta autoa kuin Alhambra. Toinen istuinrivi on joustava ja kolmatta rivi\u00e4 voidaan k\u00e4ytt\u00e4\u00e4 ryhm\u00e4n tarpeiden mukaan. Kun takaistuimet taitetaan alas, tavaratilaa saadaan huomattavasti enemm\u00e4n.<\/p>\n<p>Toinen Inmocoches Car Hiren tarjoaman Touranin huomionarvoinen ominaisuus on <strong>automaattivaihteisto<\/strong>, joka voi olla yksi lis\u00e4syy valita juuri t\u00e4m\u00e4 auto vuokraukseen.<\/p>\n<p>Ajettaessa Touran tuntuu lis\u00e4ksi l\u00e4hemp\u00e4n\u00e4 perinteist\u00e4 henkil\u00f6autoa. Jos edess\u00e4 on paljon ajokilometrej\u00e4 ja kuljettaja arvostaa kohtuullisen kokoista autoa, se voi olla eritt\u00e4in kiinnostava vaihtoehto.<\/p>\n<h3>Mik\u00e4 auto kannattaa valita seitsem\u00e4n henkil\u00f6n matkalle?<\/h3>\n<p>Vastaus riippuu ennen kaikkea siit\u00e4, miten autoa tullaan k\u00e4ytt\u00e4m\u00e4\u00e4n. <strong>Citro\u00ebn C4 Picasso<\/strong> on erityisen kiinnostava, jos t\u00e4rkeimpi\u00e4 asioita ovat mukavuus ja sis\u00e4tilojen muunneltavuus. <strong>SEAT Alhambra<\/strong> keskittyy selkeimmin tilaan ja sopii erityisen hyvin tilanteisiin, joissa kaikkia seitsem\u00e4\u00e4 istuinta tullaan k\u00e4ytt\u00e4m\u00e4\u00e4n usein. <strong>Volkswagen Touran<\/strong> puolestaan tarjoaa eritt\u00e4in hyv\u00e4n kompromissin tilan, k\u00e4yt\u00e4nn\u00f6llisyyden ja kompaktimpien mittojen v\u00e4lill\u00e4.<\/p>\n<p>On my\u00f6s hyv\u00e4 muistaa, ett\u00e4 seitsem\u00e4nhenkisen perheen tarpeet eiv\u00e4t ole t\u00e4ysin samat kuin seitsem\u00e4n aikuisen tarpeet, kun kaikilla on viikon matkatavarat mukana. Ennen varaamista kannattaa mietti\u00e4 paitsi sit\u00e4, kuinka monta henkil\u00f6\u00e4 matkustaa, my\u00f6s <strong>kuinka paljon matkatavaroita heill\u00e4 on ja kuinka usein kaikkia seitsem\u00e4\u00e4 istuinta tullaan k\u00e4ytt\u00e4m\u00e4\u00e4n<\/strong>.<\/p>\n<p>Lopulta seitsem\u00e4npaikkaisen auton vuokraamisessa Fuengirolassa ei ole kyse vain siit\u00e4, ett\u00e4 valitaan auto, johon \u00abmahtuu seitsem\u00e4n henkil\u00f6\u00e4\u00bb. Todellinen kysymys on l\u00f6yt\u00e4\u00e4 malli, joka sopii parhaiten suunniteltuun matkaan. Inmocoches Car Hire tarjoaa n\u00e4m\u00e4 kolme vaihtoehtoa, jotta jokainen ryhm\u00e4 voi valita itselleen sopivan yhdistelm\u00e4n tilaa, mukavuutta ja k\u00e4yt\u00e4nn\u00f6llisyytt\u00e4 ja nauttia Costa del Solista matkustamalla yhdess\u00e4.<\/p>\n<p>Jos olet kiinnostunut t\u00e4m\u00e4ntyyppisist\u00e4 7-paikkaisista autoista, suosittelemme tarkistamaan ensin, mitk\u00e4 autot ovat saatavilla matkasi ajankohtana. Kaikkien n\u00e4iden autojen hinnat riippuvat vuodenajasta, mutta ovat yleens\u00e4 hyvin samankaltaisia. [<a href=\"https:\/\/booking.inmocochescarhire.com\/\">Varausj\u00e4rjestelm\u00e4mme<\/a>] on k\u00e4ytett\u00e4viss\u00e4 24 tuntia vuorokaudessa, 7 p\u00e4iv\u00e4\u00e4 viikossa. Jos sinulla on kysytt\u00e4v\u00e4\u00e4, voit my\u00f6s soittaa meille. Olemme k\u00e4ytett\u00e4viss\u00e4 vastaamaan kaikkiin autojamme tai palveluitamme koskeviin kysymyksiin.<\/p>\n","protected":false},"excerpt":{"rendered":"<p>Kun useampi ihminen matkustaa yhdess\u00e4 Costa del Solilla, seitsem\u00e4npaikkaisen auton vuokraaminen voi muuttaa matkakokemuksen t\u00e4ysin. Suuri perhe, kaksi pariskuntaa, jotka haluavat jakaa saman auton, tai yst\u00e4v\u00e4ryhm\u00e4, joka suunnittelee tutustuvansa Fuengirolaan, Marbellaan, M\u00e1lagaan, Mijasiin, Nerjaan tai sis\u00e4maan kyliin, voi t\u00f6rm\u00e4t\u00e4 hyvin yksinkertaiseen ongelmaan: seitsem\u00e4n ihmist\u00e4 tarvitsee tilaa ja lis\u00e4ksi kaikille on oltava tilaa matkatavaroille. Ongelman ratkaiseminen&#8230;<\/p>\n","protected":false},"author":3,"featured_media":10086,"comment_status":"closed","ping_status":"closed","sticky":false,"template":"","format":"standard","meta":{"_joinchat":[],"footnotes":""},"categories":[181],"tags":[],"class_list":["post-10093","post","type-post","status-publish","format-standard","has-post-thumbnail","hentry","category-inmocoches-car-hire"],"yoast_head":"<!-- This site is optimized with the Yoast SEO plugin v28.3 - https:\/\/yoast.com\/product\/yoast-seo-wordpress\/ -->\n<title>7-paikkaisen auton vuokraus \u2013 mink\u00e4 valita? Citro\u00ebn C4 Picasso, SEAT Alhambra ja Volkswagen Touran - Inmocoches<\/title>\n<meta name=\"robots\" content=\"index, follow, max-snippet:-1, max-image-preview:large, max-video-preview:-1\" \/>\n<link rel=\"canonical\" href=\"https:\/\/www.inmocochescarhire.com\/fi\/7-paikkaisen-auton-vuokraus-minka-valita-citroen-c4-picasso-seat-alhambra-ja-volkswagen-touran\/\" \/>\n<meta property=\"og:locale\" content=\"fi_FI\" \/>\n<meta property=\"og:type\" content=\"article\" \/>\n<meta property=\"og:title\" content=\"7-paikkaisen auton vuokraus \u2013 mink\u00e4 valita? Citro\u00ebn C4 Picasso, SEAT Alhambra ja Volkswagen Touran - Inmocoches\" \/>\n<meta property=\"og:description\" content=\"Kun useampi ihminen matkustaa yhdess\u00e4 Costa del Solilla, seitsem\u00e4npaikkaisen auton vuokraaminen voi muuttaa matkakokemuksen t\u00e4ysin. Suuri perhe, kaksi pariskuntaa, jotka haluavat jakaa saman auton, tai yst\u00e4v\u00e4ryhm\u00e4, joka suunnittelee tutustuvansa Fuengirolaan, Marbellaan, M\u00e1lagaan, Mijasiin, Nerjaan tai sis\u00e4maan kyliin, voi t\u00f6rm\u00e4t\u00e4 hyvin yksinkertaiseen ongelmaan: seitsem\u00e4n ihmist\u00e4 tarvitsee tilaa ja lis\u00e4ksi kaikille on oltava tilaa matkatavaroille. Ongelman ratkaiseminen...\" \/>\n<meta property=\"og:url\" content=\"https:\/\/www.inmocochescarhire.com\/fi\/7-paikkaisen-auton-vuokraus-minka-valita-citroen-c4-picasso-seat-alhambra-ja-volkswagen-touran\/\" \/>\n<meta property=\"og:site_name\" content=\"Inmocoches\" \/>\n<meta property=\"article:published_time\" content=\"2026-08-30T21:29:52+00:00\" \/>\n<meta property=\"article:modified_time\" content=\"2026-08-30T21:37:44+00:00\" \/>\n<meta property=\"og:image\" content=\"https:\/\/www.inmocochescarhire.com\/wp-content\/uploads\/2026\/08\/touran.jpg\" \/>\n\t<meta property=\"og:image:width\" content=\"1248\" \/>\n\t<meta property=\"og:image:height\" content=\"832\" \/>\n\t<meta property=\"og:image:type\" content=\"image\/jpeg\" \/>\n<meta name=\"author\" content=\"Inmocoches\" \/>\n<meta name=\"twitter:card\" content=\"summary_large_image\" \/>\n<meta name=\"twitter:label1\" content=\"Kirjoittanut\" \/>\n\t<meta name=\"twitter:data1\" content=\"Inmocoches\" \/>\n\t<meta name=\"twitter:label2\" content=\"Arvioitu lukuaika\" \/>\n\t<meta name=\"twitter:data2\" content=\"4 minuuttia\" \/>\n<script type=\"application\/ld+json\" class=\"yoast-schema-graph\">{\"@context\":\"https:\\\/\\\/schema.org\",\"@graph\":[{\"@type\":\"Article\",\"@id\":\"https:\\\/\\\/www.inmocochescarhire.com\\\/fi\\\/7-paikkaisen-auton-vuokraus-minka-valita-citroen-c4-picasso-seat-alhambra-ja-volkswagen-touran\\\/#article\",\"isPartOf\":{\"@id\":\"https:\\\/\\\/www.inmocochescarhire.com\\\/fi\\\/7-paikkaisen-auton-vuokraus-minka-valita-citroen-c4-picasso-seat-alhambra-ja-volkswagen-touran\\\/\"},\"author\":{\"name\":\"Inmocoches\",\"@id\":\"https:\\\/\\\/www.inmocochescarhire.com\\\/fi\\\/#\\\/schema\\\/person\\\/7dc387a6b27b651d87b4e7e21665f304\"},\"headline\":\"7-paikkaisen auton vuokraus \u2013 mink\u00e4 valita? Citro\u00ebn C4 Picasso, SEAT Alhambra ja Volkswagen Touran\",\"datePublished\":\"2026-08-30T21:29:52+00:00\",\"dateModified\":\"2026-08-30T21:37:44+00:00\",\"mainEntityOfPage\":{\"@id\":\"https:\\\/\\\/www.inmocochescarhire.com\\\/fi\\\/7-paikkaisen-auton-vuokraus-minka-valita-citroen-c4-picasso-seat-alhambra-ja-volkswagen-touran\\\/\"},\"wordCount\":1024,\"image\":{\"@id\":\"https:\\\/\\\/www.inmocochescarhire.com\\\/fi\\\/7-paikkaisen-auton-vuokraus-minka-valita-citroen-c4-picasso-seat-alhambra-ja-volkswagen-touran\\\/#primaryimage\"},\"thumbnailUrl\":\"https:\\\/\\\/www.inmocochescarhire.com\\\/wp-content\\\/uploads\\\/2026\\\/08\\\/touran.jpg\",\"articleSection\":[\"Inmocoches Car Hire\"],\"inLanguage\":\"fi\"},{\"@type\":\"WebPage\",\"@id\":\"https:\\\/\\\/www.inmocochescarhire.com\\\/fi\\\/7-paikkaisen-auton-vuokraus-minka-valita-citroen-c4-picasso-seat-alhambra-ja-volkswagen-touran\\\/\",\"url\":\"https:\\\/\\\/www.inmocochescarhire.com\\\/fi\\\/7-paikkaisen-auton-vuokraus-minka-valita-citroen-c4-picasso-seat-alhambra-ja-volkswagen-touran\\\/\",\"name\":\"7-paikkaisen auton vuokraus \u2013 mink\u00e4 valita? Citro\u00ebn C4 Picasso, SEAT Alhambra ja Volkswagen Touran - Inmocoches\",\"isPartOf\":{\"@id\":\"https:\\\/\\\/www.inmocochescarhire.com\\\/fi\\\/#website\"},\"primaryImageOfPage\":{\"@id\":\"https:\\\/\\\/www.inmocochescarhire.com\\\/fi\\\/7-paikkaisen-auton-vuokraus-minka-valita-citroen-c4-picasso-seat-alhambra-ja-volkswagen-touran\\\/#primaryimage\"},\"image\":{\"@id\":\"https:\\\/\\\/www.inmocochescarhire.com\\\/fi\\\/7-paikkaisen-auton-vuokraus-minka-valita-citroen-c4-picasso-seat-alhambra-ja-volkswagen-touran\\\/#primaryimage\"},\"thumbnailUrl\":\"https:\\\/\\\/www.inmocochescarhire.com\\\/wp-content\\\/uploads\\\/2026\\\/08\\\/touran.jpg\",\"datePublished\":\"2026-08-30T21:29:52+00:00\",\"dateModified\":\"2026-08-30T21:37:44+00:00\",\"author\":{\"@id\":\"https:\\\/\\\/www.inmocochescarhire.com\\\/fi\\\/#\\\/schema\\\/person\\\/7dc387a6b27b651d87b4e7e21665f304\"},\"breadcrumb\":{\"@id\":\"https:\\\/\\\/www.inmocochescarhire.com\\\/fi\\\/7-paikkaisen-auton-vuokraus-minka-valita-citroen-c4-picasso-seat-alhambra-ja-volkswagen-touran\\\/#breadcrumb\"},\"inLanguage\":\"fi\",\"potentialAction\":[{\"@type\":\"ReadAction\",\"target\":[\"https:\\\/\\\/www.inmocochescarhire.com\\\/fi\\\/7-paikkaisen-auton-vuokraus-minka-valita-citroen-c4-picasso-seat-alhambra-ja-volkswagen-touran\\\/\"]}]},{\"@type\":\"ImageObject\",\"inLanguage\":\"fi\",\"@id\":\"https:\\\/\\\/www.inmocochescarhire.com\\\/fi\\\/7-paikkaisen-auton-vuokraus-minka-valita-citroen-c4-picasso-seat-alhambra-ja-volkswagen-touran\\\/#primaryimage\",\"url\":\"https:\\\/\\\/www.inmocochescarhire.com\\\/wp-content\\\/uploads\\\/2026\\\/08\\\/touran.jpg\",\"contentUrl\":\"https:\\\/\\\/www.inmocochescarhire.com\\\/wp-content\\\/uploads\\\/2026\\\/08\\\/touran.jpg\",\"width\":1248,\"height\":832},{\"@type\":\"BreadcrumbList\",\"@id\":\"https:\\\/\\\/www.inmocochescarhire.com\\\/fi\\\/7-paikkaisen-auton-vuokraus-minka-valita-citroen-c4-picasso-seat-alhambra-ja-volkswagen-touran\\\/#breadcrumb\",\"itemListElement\":[{\"@type\":\"ListItem\",\"position\":1,\"name\":\"Portada\",\"item\":\"https:\\\/\\\/www.inmocochescarhire.com\\\/fi\\\/\"},{\"@type\":\"ListItem\",\"position\":2,\"name\":\"7-paikkaisen auton vuokraus \u2013 mink\u00e4 valita? Citro\u00ebn C4 Picasso, SEAT Alhambra ja Volkswagen Touran\"}]},{\"@type\":\"WebSite\",\"@id\":\"https:\\\/\\\/www.inmocochescarhire.com\\\/fi\\\/#website\",\"url\":\"https:\\\/\\\/www.inmocochescarhire.com\\\/fi\\\/\",\"name\":\"Inmocoches\",\"description\":\"\",\"potentialAction\":[{\"@type\":\"SearchAction\",\"target\":{\"@type\":\"EntryPoint\",\"urlTemplate\":\"https:\\\/\\\/www.inmocochescarhire.com\\\/fi\\\/?s={search_term_string}\"},\"query-input\":{\"@type\":\"PropertyValueSpecification\",\"valueRequired\":true,\"valueName\":\"search_term_string\"}}],\"inLanguage\":\"fi\"},{\"@type\":\"Person\",\"@id\":\"https:\\\/\\\/www.inmocochescarhire.com\\\/fi\\\/#\\\/schema\\\/person\\\/7dc387a6b27b651d87b4e7e21665f304\",\"name\":\"Inmocoches\",\"image\":{\"@type\":\"ImageObject\",\"inLanguage\":\"fi\",\"@id\":\"https:\\\/\\\/secure.gravatar.com\\\/avatar\\\/46ed233da40dec2852f101ec89994d9fd8824ee2505dbaffb9f2918b3327ace1?s=96&d=mm&r=g\",\"url\":\"https:\\\/\\\/secure.gravatar.com\\\/avatar\\\/46ed233da40dec2852f101ec89994d9fd8824ee2505dbaffb9f2918b3327ace1?s=96&d=mm&r=g\",\"contentUrl\":\"https:\\\/\\\/secure.gravatar.com\\\/avatar\\\/46ed233da40dec2852f101ec89994d9fd8824ee2505dbaffb9f2918b3327ace1?s=96&d=mm&r=g\",\"caption\":\"Inmocoches\"},\"url\":\"https:\\\/\\\/www.inmocochescarhire.com\\\/fi\\\/author\\\/serafin\\\/\"}]}<\/script>\n<!-- \/ Yoast SEO plugin. -->","yoast_head_json":{"title":"7-paikkaisen auton vuokraus \u2013 mink\u00e4 valita? Citro\u00ebn C4 Picasso, SEAT Alhambra ja Volkswagen Touran - Inmocoches","robots":{"index":"index","follow":"follow","max-snippet":"max-snippet:-1","max-image-preview":"max-image-preview:large","max-video-preview":"max-video-preview:-1"},"canonical":"https:\/\/www.inmocochescarhire.com\/fi\/7-paikkaisen-auton-vuokraus-minka-valita-citroen-c4-picasso-seat-alhambra-ja-volkswagen-touran\/","og_locale":"fi_FI","og_type":"article","og_title":"7-paikkaisen auton vuokraus \u2013 mink\u00e4 valita? Citro\u00ebn C4 Picasso, SEAT Alhambra ja Volkswagen Touran - Inmocoches","og_description":"Kun useampi ihminen matkustaa yhdess\u00e4 Costa del Solilla, seitsem\u00e4npaikkaisen auton vuokraaminen voi muuttaa matkakokemuksen t\u00e4ysin. Suuri perhe, kaksi pariskuntaa, jotka haluavat jakaa saman auton, tai yst\u00e4v\u00e4ryhm\u00e4, joka suunnittelee tutustuvansa Fuengirolaan, Marbellaan, M\u00e1lagaan, Mijasiin, Nerjaan tai sis\u00e4maan kyliin, voi t\u00f6rm\u00e4t\u00e4 hyvin yksinkertaiseen ongelmaan: seitsem\u00e4n ihmist\u00e4 tarvitsee tilaa ja lis\u00e4ksi kaikille on oltava tilaa matkatavaroille. Ongelman ratkaiseminen...","og_url":"https:\/\/www.inmocochescarhire.com\/fi\/7-paikkaisen-auton-vuokraus-minka-valita-citroen-c4-picasso-seat-alhambra-ja-volkswagen-touran\/","og_site_name":"Inmocoches","article_published_time":"2026-08-30T21:29:52+00:00","article_modified_time":"2026-08-30T21:37:44+00:00","og_image":[{"width":1248,"height":832,"url":"https:\/\/www.inmocochescarhire.com\/wp-content\/uploads\/2026\/08\/touran.jpg","type":"image\/jpeg"}],"author":"Inmocoches","twitter_card":"summary_large_image","twitter_misc":{"Kirjoittanut":"Inmocoches","Arvioitu lukuaika":"4 minuuttia"},"schema":{"@context":"https:\/\/schema.org","@graph":[{"@type":"Article","@id":"https:\/\/www.inmocochescarhire.com\/fi\/7-paikkaisen-auton-vuokraus-minka-valita-citroen-c4-picasso-seat-alhambra-ja-volkswagen-touran\/#article","isPartOf":{"@id":"https:\/\/www.inmocochescarhire.com\/fi\/7-paikkaisen-auton-vuokraus-minka-valita-citroen-c4-picasso-seat-alhambra-ja-volkswagen-touran\/"},"author":{"name":"Inmocoches","@id":"https:\/\/www.inmocochescarhire.com\/fi\/#\/schema\/person\/7dc387a6b27b651d87b4e7e21665f304"},"headline":"7-paikkaisen auton vuokraus \u2013 mink\u00e4 valita? Citro\u00ebn C4 Picasso, SEAT Alhambra ja Volkswagen Touran","datePublished":"2026-08-30T21:29:52+00:00","dateModified":"2026-08-30T21:37:44+00:00","mainEntityOfPage":{"@id":"https:\/\/www.inmocochescarhire.com\/fi\/7-paikkaisen-auton-vuokraus-minka-valita-citroen-c4-picasso-seat-alhambra-ja-volkswagen-touran\/"},"wordCount":1024,"image":{"@id":"https:\/\/www.inmocochescarhire.com\/fi\/7-paikkaisen-auton-vuokraus-minka-valita-citroen-c4-picasso-seat-alhambra-ja-volkswagen-touran\/#primaryimage"},"thumbnailUrl":"https:\/\/www.inmocochescarhire.com\/wp-content\/uploads\/2026\/08\/touran.jpg","articleSection":["Inmocoches Car Hire"],"inLanguage":"fi"},{"@type":"WebPage","@id":"https:\/\/www.inmocochescarhire.com\/fi\/7-paikkaisen-auton-vuokraus-minka-valita-citroen-c4-picasso-seat-alhambra-ja-volkswagen-touran\/","url":"https:\/\/www.inmocochescarhire.com\/fi\/7-paikkaisen-auton-vuokraus-minka-valita-citroen-c4-picasso-seat-alhambra-ja-volkswagen-touran\/","name":"7-paikkaisen auton vuokraus \u2013 mink\u00e4 valita? Citro\u00ebn C4 Picasso, SEAT Alhambra ja Volkswagen Touran - Inmocoches","isPartOf":{"@id":"https:\/\/www.inmocochescarhire.com\/fi\/#website"},"primaryImageOfPage":{"@id":"https:\/\/www.inmocochescarhire.com\/fi\/7-paikkaisen-auton-vuokraus-minka-valita-citroen-c4-picasso-seat-alhambra-ja-volkswagen-touran\/#primaryimage"},"image":{"@id":"https:\/\/www.inmocochescarhire.com\/fi\/7-paikkaisen-auton-vuokraus-minka-valita-citroen-c4-picasso-seat-alhambra-ja-volkswagen-touran\/#primaryimage"},"thumbnailUrl":"https:\/\/www.inmocochescarhire.com\/wp-content\/uploads\/2026\/08\/touran.jpg","datePublished":"2026-08-30T21:29:52+00:00","dateModified":"2026-08-30T21:37:44+00:00","author":{"@id":"https:\/\/www.inmocochescarhire.com\/fi\/#\/schema\/person\/7dc387a6b27b651d87b4e7e21665f304"},"breadcrumb":{"@id":"https:\/\/www.inmocochescarhire.com\/fi\/7-paikkaisen-auton-vuokraus-minka-valita-citroen-c4-picasso-seat-alhambra-ja-volkswagen-touran\/#breadcrumb"},"inLanguage":"fi","potentialAction":[{"@type":"ReadAction","target":["https:\/\/www.inmocochescarhire.com\/fi\/7-paikkaisen-auton-vuokraus-minka-valita-citroen-c4-picasso-seat-alhambra-ja-volkswagen-touran\/"]}]},{"@type":"ImageObject","inLanguage":"fi","@id":"https:\/\/www.inmocochescarhire.com\/fi\/7-paikkaisen-auton-vuokraus-minka-valita-citroen-c4-picasso-seat-alhambra-ja-volkswagen-touran\/#primaryimage","url":"https:\/\/www.inmocochescarhire.com\/wp-content\/uploads\/2026\/08\/touran.jpg","contentUrl":"https:\/\/www.inmocochescarhire.com\/wp-content\/uploads\/2026\/08\/touran.jpg","width":1248,"height":832},{"@type":"BreadcrumbList","@id":"https:\/\/www.inmocochescarhire.com\/fi\/7-paikkaisen-auton-vuokraus-minka-valita-citroen-c4-picasso-seat-alhambra-ja-volkswagen-touran\/#breadcrumb","itemListElement":[{"@type":"ListItem","position":1,"name":"Portada","item":"https:\/\/www.inmocochescarhire.com\/fi\/"},{"@type":"ListItem","position":2,"name":"7-paikkaisen auton vuokraus \u2013 mink\u00e4 valita? Citro\u00ebn C4 Picasso, SEAT Alhambra ja Volkswagen Touran"}]},{"@type":"WebSite","@id":"https:\/\/www.inmocochescarhire.com\/fi\/#website","url":"https:\/\/www.inmocochescarhire.com\/fi\/","name":"Inmocoches","description":"","potentialAction":[{"@type":"SearchAction","target":{"@type":"EntryPoint","urlTemplate":"https:\/\/www.inmocochescarhire.com\/fi\/?s={search_term_string}"},"query-input":{"@type":"PropertyValueSpecification","valueRequired":true,"valueName":"search_term_string"}}],"inLanguage":"fi"},{"@type":"Person","@id":"https:\/\/www.inmocochescarhire.com\/fi\/#\/schema\/person\/7dc387a6b27b651d87b4e7e21665f304","name":"Inmocoches","image":{"@type":"ImageObject","inLanguage":"fi","@id":"https:\/\/secure.gravatar.com\/avatar\/46ed233da40dec2852f101ec89994d9fd8824ee2505dbaffb9f2918b3327ace1?s=96&d=mm&r=g","url":"https:\/\/secure.gravatar.com\/avatar\/46ed233da40dec2852f101ec89994d9fd8824ee2505dbaffb9f2918b3327ace1?s=96&d=mm&r=g","contentUrl":"https:\/\/secure.gravatar.com\/avatar\/46ed233da40dec2852f101ec89994d9fd8824ee2505dbaffb9f2918b3327ace1?s=96&d=mm&r=g","caption":"Inmocoches"},"url":"https:\/\/www.inmocochescarhire.com\/fi\/author\/serafin\/"}]}},"_links":{"self":[{"href":"https:\/\/www.inmocochescarhire.com\/fi\/wp-json\/wp\/v2\/posts\/10093","targetHints":{"allow":["GET"]}}],"collection":[{"href":"https:\/\/www.inmocochescarhire.com\/fi\/wp-json\/wp\/v2\/posts"}],"about":[{"href":"https:\/\/www.inmocochescarhire.com\/fi\/wp-json\/wp\/v2\/types\/post"}],"author":[{"embeddable":true,"href":"https:\/\/www.inmocochescarhire.com\/fi\/wp-json\/wp\/v2\/users\/3"}],"replies":[{"embeddable":true,"href":"https:\/\/www.inmocochescarhire.com\/fi\/wp-json\/wp\/v2\/comments?post=10093"}],"version-history":[{"count":2,"href":"https:\/\/www.inmocochescarhire.com\/fi\/wp-json\/wp\/v2\/posts\/10093\/revisions"}],"predecessor-version":[{"id":10099,"href":"https:\/\/www.inmocochescarhire.com\/fi\/wp-json\/wp\/v2\/posts\/10093\/revisions\/10099"}],"wp:featuredmedia":[{"embeddable":true,"href":"https:\/\/www.inmocochescarhire.com\/fi\/wp-json\/wp\/v2\/media\/10086"}],"wp:attachment":[{"href":"https:\/\/www.inmocochescarhire.com\/fi\/wp-json\/wp\/v2\/media?parent=10093"}],"wp:term":[{"taxonomy":"category","embeddable":true,"href":"https:\/\/www.inmocochescarhire.com\/fi\/wp-json\/wp\/v2\/categories?post=10093"},{"taxonomy":"post_tag","embeddable":true,"href":"https:\/\/www.inmocochescarhire.com\/fi\/wp-json\/wp\/v2\/tags?post=10093"}],"curies":[{"name":"wp","href":"https:\/\/api.w.org\/{rel}","templated":true}]}}